{"id":71919,"date":"2025-12-17T16:16:17","date_gmt":"2025-12-17T19:16:17","guid":{"rendered":"https:\/\/mx1gpbrasil.com.br\/?p=71919"},"modified":"2025-12-17T16:16:17","modified_gmt":"2025-12-17T19:16:17","slug":"mx1-gp-brasil-divulga-pre-calendario-do-campeonato-brasileiro-de-motocross-2026","status":"publish","type":"post","link":"https:\/\/mx1gpbrasil.alperprojetos.com.br\/index.php\/2025\/12\/17\/mx1-gp-brasil-divulga-pre-calendario-do-campeonato-brasileiro-de-motocross-2026\/","title":{"rendered":"MX1 GP Brasil divulga pr\u00e9-calend\u00e1rio do Campeonato Brasileiro de Motocross 2026"},"content":{"rendered":"\n<p class=\"wp-block-paragraph\">O MX1 GP Brasil divulga oficialmente o pr\u00e9-calend\u00e1rio do Campeonato Brasileiro de Motocross 2026, confirmando uma temporada que segue percorrendo todas as regi\u00f5es do Brasil e refor\u00e7a o status da competi\u00e7\u00e3o como o segundo maior campeonato de motocross do mundo.<\/p>\n\n\n\n<p class=\"wp-block-paragraph\">A programa\u00e7\u00e3o prev\u00ea etapas do Sul ao Norte do pa\u00eds, passando pelo Centro-Oeste, Sudeste e Nordeste, ampliando ainda mais o alcance do campeonato, que j\u00e1 ultrapassou o cen\u00e1rio nacional e hoje ocupa posi\u00e7\u00e3o de refer\u00eancia no continente.<\/p>\n\n\n\n<p class=\"wp-block-paragraph\">A defini\u00e7\u00e3o das datas foi realizada com planejamento estrat\u00e9gico, tendo em vista que esse ano teremos elei\u00e7\u00f5es em dois turnos e a Copa do Mundo de Futebol de 2026.<\/p>\n\n\n\n<p class=\"wp-block-paragraph\"><strong>Confira o pr\u00e9:calend\u00e1rio 2026:<\/strong><\/p>\n\n\n\n<figure class=\"wp-block-image size-large\"><img loading=\"lazy\" decoding=\"async\" width=\"819\" height=\"1024\" src=\"https:\/\/mx1gpbrasil.com.br\/wp-content\/uploads\/2025\/12\/Events-for-this-Week-6-819x1024.png\" alt=\"\" class=\"wp-image-71920\" srcset=\"https:\/\/mx1gpbrasil.alperprojetos.com.br\/wp-content\/uploads\/2025\/12\/Events-for-this-Week-6-819x1024.png 819w, https:\/\/mx1gpbrasil.alperprojetos.com.br\/wp-content\/uploads\/2025\/12\/Events-for-this-Week-6-240x300.png 240w, https:\/\/mx1gpbrasil.alperprojetos.com.br\/wp-content\/uploads\/2025\/12\/Events-for-this-Week-6-768x960.png 768w, https:\/\/mx1gpbrasil.alperprojetos.com.br\/wp-content\/uploads\/2025\/12\/Events-for-this-Week-6-102x128.png 102w, https:\/\/mx1gpbrasil.alperprojetos.com.br\/wp-content\/uploads\/2025\/12\/Events-for-this-Week-6-26x32.png 26w, https:\/\/mx1gpbrasil.alperprojetos.com.br\/wp-content\/uploads\/2025\/12\/Events-for-this-Week-6-600x750.png 600w, https:\/\/mx1gpbrasil.alperprojetos.com.br\/wp-content\/uploads\/2025\/12\/Events-for-this-Week-6.png 1080w\" sizes=\"auto, (max-width: 819px) 100vw, 819px\" \/><\/figure>\n\n\n\n<p class=\"wp-block-paragraph\">Divulgado como pr\u00e9-calend\u00e1rio, o cronograma ainda pode sofrer altera\u00e7\u00f5es, tanto em datas quanto em sedes, conforme ajustes t\u00e9cnicos, log\u00edsticos ou institucionais necess\u00e1rios.<\/p>\n\n\n\n<p class=\"wp-block-paragraph\">A organiza\u00e7\u00e3o do MX1 GP Brasil tamb\u00e9m adianta que uma grande surpresa ser\u00e1 anunciada em breve, prometendo elevar ainda mais o n\u00edvel do Campeonato em 2026.<\/p>\n","protected":false},"excerpt":{"rendered":"<p>O MX1 GP Brasil divulga oficialmente o pr\u00e9-calend\u00e1rio do Campeonato Brasileiro de Motocross 2026, confirmando uma temporada que segue percorrendo todas as regi\u00f5es do Brasil e refor\u00e7a o status da competi\u00e7\u00e3o como o segundo maior campeonato de motocross do mundo. A programa\u00e7\u00e3o prev\u00ea etapas do Sul ao Norte do pa\u00eds, passando pelo Centro-Oeste, Sudeste e [&hellip;]<\/p>\n","protected":false},"author":1,"featured_media":71920,"comment_status":"closed","ping_status":"open","sticky":false,"template":"","format":"standard","meta":{"footnotes":""},"categories":[133],"tags":[],"class_list":["post-71919","post","type-post","status-publish","format-standard","has-post-thumbnail","hentry","category-motocross"],"_links":{"self":[{"href":"https:\/\/mx1gpbrasil.alperprojetos.com.br\/index.php\/wp-json\/wp\/v2\/posts\/71919","targetHints":{"allow":["GET"]}}],"collection":[{"href":"https:\/\/mx1gpbrasil.alperprojetos.com.br\/index.php\/wp-json\/wp\/v2\/posts"}],"about":[{"href":"https:\/\/mx1gpbrasil.alperprojetos.com.br\/index.php\/wp-json\/wp\/v2\/types\/post"}],"author":[{"embeddable":true,"href":"https:\/\/mx1gpbrasil.alperprojetos.com.br\/index.php\/wp-json\/wp\/v2\/users\/1"}],"replies":[{"embeddable":true,"href":"https:\/\/mx1gpbrasil.alperprojetos.com.br\/index.php\/wp-json\/wp\/v2\/comments?post=71919"}],"version-history":[{"count":0,"href":"https:\/\/mx1gpbrasil.alperprojetos.com.br\/index.php\/wp-json\/wp\/v2\/posts\/71919\/revisions"}],"wp:featuredmedia":[{"embeddable":true,"href":"https:\/\/mx1gpbrasil.alperprojetos.com.br\/index.php\/wp-json\/wp\/v2\/media\/71920"}],"wp:attachment":[{"href":"https:\/\/mx1gpbrasil.alperprojetos.com.br\/index.php\/wp-json\/wp\/v2\/media?parent=71919"}],"wp:term":[{"taxonomy":"category","embeddable":true,"href":"https:\/\/mx1gpbrasil.alperprojetos.com.br\/index.php\/wp-json\/wp\/v2\/categories?post=71919"},{"taxonomy":"post_tag","embeddable":true,"href":"https:\/\/mx1gpbrasil.alperprojetos.com.br\/index.php\/wp-json\/wp\/v2\/tags?post=71919"}],"curies":[{"name":"wp","href":"https:\/\/api.w.org\/{rel}","templated":true}]}}