{"id":71945,"date":"2026-02-06T11:25:52","date_gmt":"2026-02-06T14:25:52","guid":{"rendered":"https:\/\/mx1gpbrasil.com.br\/?p=71945"},"modified":"2026-02-06T11:25:52","modified_gmt":"2026-02-06T14:25:52","slug":"promox-divulga-calendario-oficial-do-mx1-gp-brasil-sportbay-com-10-etapas-distribuidas-em-todas-as-regioes-do-brasil","status":"publish","type":"post","link":"https:\/\/mx1gpbrasil.alperprojetos.com.br\/index.php\/2026\/02\/06\/promox-divulga-calendario-oficial-do-mx1-gp-brasil-sportbay-com-10-etapas-distribuidas-em-todas-as-regioes-do-brasil\/","title":{"rendered":"Promox divulga calend\u00e1rio oficial do MX1 GP Brasil Sportbay com 10 etapas distribu\u00eddas em todas as regi\u00f5es do Brasil"},"content":{"rendered":"\n<p class=\"wp-block-paragraph\">Ap\u00f3s a divulga\u00e7\u00e3o do pr\u00e9-calend\u00e1rio, em 17 de dezembro, a Promox apresenta agora o calend\u00e1rio oficial da temporada 2026, que incorpora adequa\u00e7\u00f5es e atualiza\u00e7\u00f5es, mantendo a realiza\u00e7\u00e3o de 10 etapas ao longo do ano.<\/p>\n\n\n\n<p class=\"wp-block-paragraph\">A composi\u00e7\u00e3o do calend\u00e1rio mant\u00e9m no roteiro algumas das pistas mais tradicionais do motocross brasileiro e, ao mesmo tempo, amplia o alcance do campeonato com a inclus\u00e3o de novas pra\u00e7as, promovendo a consolida\u00e7\u00e3o do esporte em diferentes regi\u00f5es e atendendo cidades que contam com forte presen\u00e7a de pilotos, equipes e um p\u00fablico cada vez mais engajado e \u00e1vido pelo motocross.<\/p>\n\n\n\n<p class=\"wp-block-paragraph\">A 10\u00aa etapa, respons\u00e1vel pelo encerramento da temporada, possui data oficialmente confirmada conforme o calend\u00e1rio, enquanto o local ainda se encontra em defini\u00e7\u00e3o e ser\u00e1 anunciado em breve, antes do in\u00edcio do campeonato.<\/p>\n\n\n\n<p class=\"wp-block-paragraph\">A Promox ressalta que o calend\u00e1rio divulgado possui car\u00e1ter oficial e foi estruturado para cumprimento integral, e s\u00f3 sofrera altera\u00e7\u00e3o se tiver como causa, motivo de for\u00e7a maior.<\/p>\n\n\n\n<p class=\"wp-block-paragraph\">A constru\u00e7\u00e3o do cronograma tamb\u00e9m considerou o cen\u00e1rio nacional de grandes eventos em 2026 \u2014 como o retorno da MotoGP ao Brasil ap\u00f3s duas d\u00e9cadas, Copa do Mundo, calend\u00e1rio eleitoral e outras agendas de grande porte \u2014 fatores que impactaram diretamente o planejamento log\u00edstico e a defini\u00e7\u00e3o das datas.<\/p>\n","protected":false},"excerpt":{"rendered":"<p>Ap\u00f3s a divulga\u00e7\u00e3o do pr\u00e9-calend\u00e1rio, em 17 de dezembro, a Promox apresenta agora o calend\u00e1rio oficial da temporada 2026, que incorpora adequa\u00e7\u00f5es e atualiza\u00e7\u00f5es, mantendo a realiza\u00e7\u00e3o de 10 etapas ao longo do ano. A composi\u00e7\u00e3o do calend\u00e1rio mant\u00e9m no roteiro algumas das pistas mais tradicionais do motocross brasileiro e, ao mesmo tempo, amplia o [&hellip;]<\/p>\n","protected":false},"author":1,"featured_media":71947,"comment_status":"closed","ping_status":"open","sticky":false,"template":"","format":"standard","meta":{"footnotes":""},"categories":[133],"tags":[],"class_list":["post-71945","post","type-post","status-publish","format-standard","has-post-thumbnail","hentry","category-motocross"],"_links":{"self":[{"href":"https:\/\/mx1gpbrasil.alperprojetos.com.br\/index.php\/wp-json\/wp\/v2\/posts\/71945","targetHints":{"allow":["GET"]}}],"collection":[{"href":"https:\/\/mx1gpbrasil.alperprojetos.com.br\/index.php\/wp-json\/wp\/v2\/posts"}],"about":[{"href":"https:\/\/mx1gpbrasil.alperprojetos.com.br\/index.php\/wp-json\/wp\/v2\/types\/post"}],"author":[{"embeddable":true,"href":"https:\/\/mx1gpbrasil.alperprojetos.com.br\/index.php\/wp-json\/wp\/v2\/users\/1"}],"replies":[{"embeddable":true,"href":"https:\/\/mx1gpbrasil.alperprojetos.com.br\/index.php\/wp-json\/wp\/v2\/comments?post=71945"}],"version-history":[{"count":0,"href":"https:\/\/mx1gpbrasil.alperprojetos.com.br\/index.php\/wp-json\/wp\/v2\/posts\/71945\/revisions"}],"wp:featuredmedia":[{"embeddable":true,"href":"https:\/\/mx1gpbrasil.alperprojetos.com.br\/index.php\/wp-json\/wp\/v2\/media\/71947"}],"wp:attachment":[{"href":"https:\/\/mx1gpbrasil.alperprojetos.com.br\/index.php\/wp-json\/wp\/v2\/media?parent=71945"}],"wp:term":[{"taxonomy":"category","embeddable":true,"href":"https:\/\/mx1gpbrasil.alperprojetos.com.br\/index.php\/wp-json\/wp\/v2\/categories?post=71945"},{"taxonomy":"post_tag","embeddable":true,"href":"https:\/\/mx1gpbrasil.alperprojetos.com.br\/index.php\/wp-json\/wp\/v2\/tags?post=71945"}],"curies":[{"name":"wp","href":"https:\/\/api.w.org\/{rel}","templated":true}]}}