{"id":71981,"date":"2026-03-25T08:14:33","date_gmt":"2026-03-25T11:14:33","guid":{"rendered":"https:\/\/mx1gpbrasil.com.br\/?p=71981"},"modified":"2026-03-25T08:14:33","modified_gmt":"2026-03-25T11:14:33","slug":"mx1-gp-brasil-sportbay-abre-credenciamento-para-profissionais-de-imprensa-em-canelinha-sc","status":"publish","type":"post","link":"https:\/\/mx1gpbrasil.alperprojetos.com.br\/index.php\/2026\/03\/25\/mx1-gp-brasil-sportbay-abre-credenciamento-para-profissionais-de-imprensa-em-canelinha-sc\/","title":{"rendered":"MX1 GP Brasil Sportbay abre credenciamento para profissionais de imprensa em Canelinha (SC)"},"content":{"rendered":"\n<p class=\"wp-block-paragraph\">O ronco dos motores est\u00e1 prestes a ecoar em Santa Catarina. A organiza\u00e7\u00e3o do MX1 GP Brasil Sportbay anunciou oficialmente a abertura do per\u00edodo de credenciamento para os profissionais de comunica\u00e7\u00e3o que desejam cobrir a etapa de abertura da competi\u00e7\u00e3o.<\/p>\n\n\n\n<p class=\"wp-block-paragraph\">O evento, que promete reunir os principais nomes do motocross nacional e internacional, ter\u00e1 como palco a tradicional pista de Canelinha, conhecida como a &#8220;Capital do Motocross&#8221;.<\/p>\n\n\n\n<p class=\"wp-block-paragraph\"><strong>Detalhes do Credenciamento<\/strong><\/p>\n\n\n\n<p class=\"wp-block-paragraph\">Jornalistas, fot\u00f3grafos, cinegrafistas e videomakers especializados devem ficar atentos ao regulamento rigoroso divulgado pela organiza\u00e7\u00e3o. <\/p>\n\n\n\n<p class=\"wp-block-paragraph\">O processo \u00e9 essencial para garantir acesso \u00e0s \u00e1reas exclusivas de imprensa e garantir a seguran\u00e7a de todos durante as baterias.<\/p>\n\n\n\n<ul class=\"wp-block-list\">\n<li><strong>Evento: <\/strong>Abertura do MX1 GP Brasil Sportbay<\/li>\n\n\n\n<li><strong>Local:<\/strong> Canelinha (SC)<\/li>\n\n\n\n<li><strong>Prazo final: <\/strong>Quarta-feira, 1\u00ba de abril, \u00e0s 18h.<\/li>\n\n\n\n<li><strong>Nota importante:<\/strong> Ap\u00f3s o hor\u00e1rio estabelecido, o sistema ser\u00e1 encerrado e n\u00e3o ser\u00e3o aceitos novos pedidos, visando a organiza\u00e7\u00e3o log\u00edstica do evento.<\/li>\n\n\n\n<li><strong>Link para credenciamento:<\/strong> <a href=\"https:\/\/forms.gle\/L63jqVJ9q39AR7Mu9\">https:\/\/forms.gle\/L63jqVJ9q39AR7Mu9<\/a><\/li>\n<\/ul>\n\n\n\n<p class=\"wp-block-paragraph\">Todos os credenciamentos ser\u00e3o retornados com anteced\u00eancia. <\/p>\n\n\n\n<p class=\"wp-block-paragraph\"><strong>Expectativas para a Etapa<\/strong><\/p>\n\n\n\n<p class=\"wp-block-paragraph\">A escolha de Canelinha para a abertura da temporada refor\u00e7a a tradi\u00e7\u00e3o do estado no esporte. A infraestrutura est\u00e1 sendo preparada para receber n\u00e3o apenas as equipes e pilotos, mas tamb\u00e9m o p\u00fablico apaixonado e a m\u00eddia, que desempenha papel fundamental na divulga\u00e7\u00e3o da modalidade.<\/p>\n\n\n\n<p class=\"wp-block-paragraph\">A organiza\u00e7\u00e3o ressalta que o credenciamento \u00e9 destinado estritamente a profissionais em exerc\u00edcio, sendo necess\u00e1ria a comprova\u00e7\u00e3o de v\u00ednculo com ve\u00edculos de comunica\u00e7\u00e3o ou ag\u00eancias de not\u00edcias.<\/p>\n","protected":false},"excerpt":{"rendered":"<p>O ronco dos motores est\u00e1 prestes a ecoar em Santa Catarina. A organiza\u00e7\u00e3o do MX1 GP Brasil Sportbay anunciou oficialmente a abertura do per\u00edodo de credenciamento para os profissionais de comunica\u00e7\u00e3o que desejam cobrir a etapa de abertura da competi\u00e7\u00e3o. O evento, que promete reunir os principais nomes do motocross nacional e internacional, ter\u00e1 como [&hellip;]<\/p>\n","protected":false},"author":1,"featured_media":71982,"comment_status":"closed","ping_status":"open","sticky":false,"template":"","format":"standard","meta":{"footnotes":""},"categories":[133],"tags":[],"class_list":["post-71981","post","type-post","status-publish","format-standard","has-post-thumbnail","hentry","category-motocross"],"_links":{"self":[{"href":"https:\/\/mx1gpbrasil.alperprojetos.com.br\/index.php\/wp-json\/wp\/v2\/posts\/71981","targetHints":{"allow":["GET"]}}],"collection":[{"href":"https:\/\/mx1gpbrasil.alperprojetos.com.br\/index.php\/wp-json\/wp\/v2\/posts"}],"about":[{"href":"https:\/\/mx1gpbrasil.alperprojetos.com.br\/index.php\/wp-json\/wp\/v2\/types\/post"}],"author":[{"embeddable":true,"href":"https:\/\/mx1gpbrasil.alperprojetos.com.br\/index.php\/wp-json\/wp\/v2\/users\/1"}],"replies":[{"embeddable":true,"href":"https:\/\/mx1gpbrasil.alperprojetos.com.br\/index.php\/wp-json\/wp\/v2\/comments?post=71981"}],"version-history":[{"count":0,"href":"https:\/\/mx1gpbrasil.alperprojetos.com.br\/index.php\/wp-json\/wp\/v2\/posts\/71981\/revisions"}],"wp:featuredmedia":[{"embeddable":true,"href":"https:\/\/mx1gpbrasil.alperprojetos.com.br\/index.php\/wp-json\/wp\/v2\/media\/71982"}],"wp:attachment":[{"href":"https:\/\/mx1gpbrasil.alperprojetos.com.br\/index.php\/wp-json\/wp\/v2\/media?parent=71981"}],"wp:term":[{"taxonomy":"category","embeddable":true,"href":"https:\/\/mx1gpbrasil.alperprojetos.com.br\/index.php\/wp-json\/wp\/v2\/categories?post=71981"},{"taxonomy":"post_tag","embeddable":true,"href":"https:\/\/mx1gpbrasil.alperprojetos.com.br\/index.php\/wp-json\/wp\/v2\/tags?post=71981"}],"curies":[{"name":"wp","href":"https:\/\/api.w.org\/{rel}","templated":true}]}}