{"id":72474,"date":"2026-04-23T09:30:00","date_gmt":"2026-04-23T12:30:00","guid":{"rendered":"http:\/\/mx1gpbrasil.com.br\/?p=72474"},"modified":"2026-04-23T09:30:00","modified_gmt":"2026-04-23T12:30:00","slug":"chumbinho-becker-e-homenageado-na-abertura-do-mx1gp-brasil-sportbay","status":"publish","type":"post","link":"https:\/\/mx1gpbrasil.alperprojetos.com.br\/index.php\/2026\/04\/23\/chumbinho-becker-e-homenageado-na-abertura-do-mx1gp-brasil-sportbay\/","title":{"rendered":"Chumbinho Becker \u00e9 homenageado na abertura do MX1GP Brasil Sportbay"},"content":{"rendered":"\n<p class=\"wp-block-paragraph\">Os pilotos da MX1 alinharam no gate e as placas subiram, mas o gate n\u00e3o caiu. O ronco dos motores foi substitu\u00eddo por um sil\u00eancio de milhares de pessoas que, entre l\u00e1grimas e arrepios, aplaudiram a volta de um piloto na motocicleta n\u00famero 2, utilizando um uniforme com o nome \u201cChumbinho\u201d. Foi uma simb\u00f3lica despedida do maior campe\u00e3o brasileiro de todos os tempos, na atmosfera de Canelinha, onde conquistou in\u00fameras vit\u00f3rias e fez a alegria de seus f\u00e3s, especialmente os conterr\u00e2neos catarinenses.<\/p>\n\n\n\n<p class=\"wp-block-paragraph\">Passados 71 dias de seu falecimento, Milton Becker foi homenageado durante a programa\u00e7\u00e3o de abertura do MX1GP Brasil. O ato aconteceu no domingo, dia 12, no intervalo entre as baterias da MX2 e da MX1. Rafael Becker, primo de Milton, foi o designado para pilotar a moto de n\u00famero 2, enquanto familiares e amigos subiram ao p\u00f3dio vestindo uma camiseta branca com a imagem do primeiro t\u00edtulo do catarinense de Itapiranga.<\/p>\n\n\n\n<p class=\"wp-block-paragraph\">Durante a homenagem promovida pela Promox, o irm\u00e3o de Chumbinho, Elton Becker, agradeceu o carinho de todos. \u201cQuero agradecer a cada pessoa que est\u00e1 aqui hoje participando deste evento que traz \u00e0 mem\u00f3ria o meu irm\u00e3o. O Milton sempre me dizia para eu lutar at\u00e9 ficar bom, e eu sigo lutando. \u00c9 muito especial receber todo esse carinho de voc\u00eas, muito obrigado\u201d, disse o ex-piloto, que atualmente passa por um momento delicado de sa\u00fade.<\/p>\n\n\n\n<p class=\"wp-block-paragraph\"><strong>Carreira<\/strong><strong><\/strong><\/p>\n\n\n\n<p class=\"wp-block-paragraph\">Natural de Itapiranga\/SC, Milton \u201cChumbinho\u201d Becker se tornou uma lenda do motociclismo brasileiro. Sua carreira no motocross ganhou destaque nacional na \u00faltima d\u00e9cada do s\u00e9culo passado, quando conquistou seu primeiro t\u00edtulo brasileiro em 1992, na categoria 250cc. Ele voltou a conquistar a classe principal em 2000 e 2001, al\u00e9m de ter dominado o supercross na d\u00e9cada de 1990. Posteriormente, foi extremamente vitorioso nas classes veteranas.<\/p>\n\n\n\n<p class=\"wp-block-paragraph\">Ao todo, foram 27 t\u00edtulos nacionais. No motocross, foram 21: tr\u00eas na 250cc (atual MX1), dois na 125cc (atual MX2), um na Open (atual MX3), seis na MX3, sete na MX4 e dois na MX5. Ainda, foi nove vezes campe\u00e3o catarinense, bicampe\u00e3o paranaense e bicampe\u00e3o mato-grossense. Sua \u00faltima temporada como piloto foi em 2018.<\/p>\n\n\n\n<p class=\"wp-block-paragraph\">Em 2024, retornou ao Brasileiro de Motocross como chefe de equipe da Yamaha Monster Energy Gera\u00e7\u00e3o, quando foi campe\u00e3o da MX1 com F\u00e1bio Santos.<\/p>\n\n\n\n<p class=\"wp-block-paragraph\"><strong>Falecimento<\/strong><strong><\/strong><\/p>\n\n\n\n<p class=\"wp-block-paragraph\">Milton Becker faleceu em 31 de janeiro de 2026, aos 58 anos. Ele foi identificado como v\u00edtima fatal de um acidente de tr\u00e2nsito registrado na SC-305, em Campo Er\u00ea\/SC. Ele era o \u00fanico ocupante da motocicleta, que saiu da pista e caiu em uma ribanceira \u00e0s margens da rodovia. As causas do acidente n\u00e3o foram esclarecidas.<\/p>\n\n\n\n<p class=\"wp-block-paragraph\">Sua partida causou como\u00e7\u00e3o em toda a comunidade do Oeste Catarinense e no motociclismo brasileiro. A abertura do MX1GP Brasil Sportbay 2026 foi o primeiro evento nacional de motocross ap\u00f3s seu falecimento.<\/p>\n","protected":false},"excerpt":{"rendered":"<p>Os pilotos da MX1 alinharam no gate e as placas subiram, mas o gate n\u00e3o caiu. O ronco dos motores foi substitu\u00eddo por um sil\u00eancio de milhares de pessoas que, entre l\u00e1grimas e arrepios, aplaudiram a volta de um piloto na motocicleta n\u00famero 2, utilizando um uniforme com o nome \u201cChumbinho\u201d. Foi uma simb\u00f3lica despedida [&hellip;]<\/p>\n","protected":false},"author":1,"featured_media":72475,"comment_status":"closed","ping_status":"open","sticky":false,"template":"","format":"standard","meta":{"footnotes":""},"categories":[133],"tags":[],"class_list":["post-72474","post","type-post","status-publish","format-standard","has-post-thumbnail","hentry","category-motocross"],"_links":{"self":[{"href":"https:\/\/mx1gpbrasil.alperprojetos.com.br\/index.php\/wp-json\/wp\/v2\/posts\/72474","targetHints":{"allow":["GET"]}}],"collection":[{"href":"https:\/\/mx1gpbrasil.alperprojetos.com.br\/index.php\/wp-json\/wp\/v2\/posts"}],"about":[{"href":"https:\/\/mx1gpbrasil.alperprojetos.com.br\/index.php\/wp-json\/wp\/v2\/types\/post"}],"author":[{"embeddable":true,"href":"https:\/\/mx1gpbrasil.alperprojetos.com.br\/index.php\/wp-json\/wp\/v2\/users\/1"}],"replies":[{"embeddable":true,"href":"https:\/\/mx1gpbrasil.alperprojetos.com.br\/index.php\/wp-json\/wp\/v2\/comments?post=72474"}],"version-history":[{"count":0,"href":"https:\/\/mx1gpbrasil.alperprojetos.com.br\/index.php\/wp-json\/wp\/v2\/posts\/72474\/revisions"}],"wp:featuredmedia":[{"embeddable":true,"href":"https:\/\/mx1gpbrasil.alperprojetos.com.br\/index.php\/wp-json\/wp\/v2\/media\/72475"}],"wp:attachment":[{"href":"https:\/\/mx1gpbrasil.alperprojetos.com.br\/index.php\/wp-json\/wp\/v2\/media?parent=72474"}],"wp:term":[{"taxonomy":"category","embeddable":true,"href":"https:\/\/mx1gpbrasil.alperprojetos.com.br\/index.php\/wp-json\/wp\/v2\/categories?post=72474"},{"taxonomy":"post_tag","embeddable":true,"href":"https:\/\/mx1gpbrasil.alperprojetos.com.br\/index.php\/wp-json\/wp\/v2\/tags?post=72474"}],"curies":[{"name":"wp","href":"https:\/\/api.w.org\/{rel}","templated":true}]}}