{"id":72508,"date":"2026-04-25T20:29:36","date_gmt":"2026-04-25T23:29:36","guid":{"rendered":"https:\/\/mx1gpbrasil.com.br\/?p=72508"},"modified":"2026-04-25T20:29:36","modified_gmt":"2026-04-25T23:29:36","slug":"grande-publico-e-provas-emocionantes-abrem-2a-etapa-do-mx1gp-brasil-sporbay","status":"publish","type":"post","link":"https:\/\/mx1gpbrasil.alperprojetos.com.br\/index.php\/2026\/04\/25\/grande-publico-e-provas-emocionantes-abrem-2a-etapa-do-mx1gp-brasil-sporbay\/","title":{"rendered":"Grande p\u00fablico e provas emocionantes abrem 2\u00aa etapa do MX1GP Brasil\u00a0Sporbay"},"content":{"rendered":"\n<p class=\"wp-block-paragraph\">Um dia ensolarado deu as boas-vindas ao grande p\u00fablico presente no primeiro dia de competi\u00e7\u00e3o da 2\u00aa etapa do MX1GP Brasil&nbsp;Sportbay, que pelo terceiro ano consecutivo retorna \u00e0 excelente infraestrutura do Centro de Eventos de Ponta Grossa, na regi\u00e3o dos Campos Gerais do Paran\u00e1. Conforme estimativa das autoridades oficiais, cerca de 8 mil pessoas registraram presen\u00e7a na tarde deste s\u00e1bado, 25 de abril.<\/p>\n\n\n\n<p class=\"wp-block-paragraph\">Do princ\u00edpio da manh\u00e3 at\u00e9 o entardecer, mais de 200 pilotos entraram na pista. Entre baterias oficiais e classificat\u00f3rias, doze largadas levaram emo\u00e7\u00e3o \u00e0s arquibancadas, com direito a quatro invencibilidades mantidas e dois novos vencedores na temporada. Foram disputadas as classes 50cc, 65cc, YZ125, MXF, MX2JR e MX3 (abaixo, confira o resumo e os resultados das provas).<\/p>\n\n\n\n<p class=\"wp-block-paragraph\">A etapa de Ponta Grossa tem continuidade neste domingo, 26 de abril,&nbsp;com a disputa das classes MX1, MX2, MX4 e MXJR.&nbsp;Os treinos livres come\u00e7am as 8h, seguidos de cronometrados e provas classificat\u00f3rias. As corridas oficiais ocorrem a partir das 11h50, com destaque para duas baterias da MX1 e MX2.<\/p>\n\n\n\n<p class=\"wp-block-paragraph\"><strong>MX3<\/strong><strong><br><\/strong>Conhecido tamb\u00e9m pelo sucesso midi\u00e1tico, Caio Lopes est\u00e1 mostrando aos desavisados todo o talento que j\u00e1 fez dele um campe\u00e3o brasileiro. Neste ano, ele desponta como nome a ser batido na MX3. Depois de gabaritar a etapa de Canelinha, ele repetiu o feito em Ponta Grossa. Vit\u00f3ria na prova classificat\u00f3ria e, tamb\u00e9m, na bateria oficial.<\/p>\n\n\n\n<p class=\"wp-block-paragraph\">O triunfo, entretanto, foi marcado pela dramaticidade. Ap\u00f3s fazer o&nbsp;holeshot, Caio precisou controlar os ataques de Carlos&nbsp;Badiali. O venezuelano apostou tudo na parte final da bateria e ultrapassou,&nbsp;por\u00e9m&nbsp;se atrapalhou com um retardat\u00e1rio e caiu. O piloto da HQT Racing, ent\u00e3o, passou a ser pressionado por Jean Ramos. Coincidentemente na mesma curva que&nbsp;Badiali, o paranaense tamb\u00e9m caiu ao se enroscar com retardat\u00e1rio.&nbsp;<\/p>\n\n\n\n<p class=\"wp-block-paragraph\">Dito isto, vit\u00f3ria e \u201cred&nbsp;plate\u201d mantido para Caio Lopes. Apesar das quedas, Jean e&nbsp;Badiali&nbsp;terminaram em segundo e terceiro, respectivamente. O p\u00f3dio foi completado por Diego Henning e Roosevelt Assun\u00e7\u00e3o. Atual campe\u00e3o, Anderson Amaral estava em quarto, mas caiu e ficou em s\u00e9timo.<\/p>\n\n\n\n<p class=\"wp-block-paragraph\"><strong>P\u00f3dio<\/strong><strong><br><\/strong><strong>1\u00ba Caio Lopes<\/strong>&nbsp;\u2013 BRA (HQT Racing)<br><strong>2\u00ba&nbsp;<\/strong><strong>Jean Ramos&nbsp;<\/strong>\u2013&nbsp;BRA<strong><br><\/strong><strong>3\u00ba&nbsp;<\/strong><strong>Carlos&nbsp;<\/strong><strong>Badiali<\/strong><strong>&nbsp;<\/strong>\u2013&nbsp;VEN&nbsp;(Belco&nbsp;Racing)<br><strong>4\u00ba Diego Henning<\/strong>&nbsp;\u2013 BRA (PG Racing)<br><strong>5\u00ba&nbsp;<\/strong><strong>Roosevelt Assun\u00e7\u00e3o<\/strong>&nbsp;\u2013 BRA (FK Rinaldi Kawasaki Brasil)<\/p>\n\n\n\n<figure class=\"wp-block-image size-large\"><img decoding=\"async\" src=\"https:\/\/mx1gpbrasil.com.br\/wp-content\/uploads\/2026\/04\/ALVM0223-1024x683.jpeg\" alt=\"\" class=\"wp-image-72511\"\/><\/figure>\n\n\n\n<div data-wp-context=\"{ &quot;autoclose&quot;: false, &quot;accordionItems&quot;: [] }\" data-wp-interactive=\"core\/accordion\" role=\"group\" class=\"wp-block-accordion is-layout-flow wp-block-accordion-is-layout-flow\"><\/div>\n\n\n\n<p class=\"wp-block-paragraph\"><strong>50cc<\/strong><strong><br><\/strong>A classe, que j\u00e1 havia contado com mais de 30 motos na abertura, voltou a ter um&nbsp;gate&nbsp;pr\u00f3ximo de sua lota\u00e7\u00e3o em Ponta Grossa. Com a isen\u00e7\u00e3o da taxa de inscri\u00e7\u00e3o, 36 pilotos mostraram que a forma\u00e7\u00e3o de pilotos segue promissora no MX1GP Brasil. Mais uma vez, os pequenos encantaram na pista.<\/p>\n\n\n\n<p class=\"wp-block-paragraph\"><strong>P\u00f3dio<br>1\u00ba Tomas\u00a0Aguila\u00a0\u2013<\/strong>\u00a0CHI (Sagae Team)<strong><br>2\u00ba\u00a0Enzinho\u00a0Wiebbelling\u00a0<\/strong>\u2013 BRA (Maguila MX\u00a0School)<strong><br>3\u00ba\u00a0Vin\u00edcius \u201cPorvinha\u201d Favero\u00a0<\/strong>\u2013 BRA\u00a0<strong><br>4\u00ba\u00a0Jo\u00e3o Manoel Prado\u00a0<\/strong>\u2013 BRA<strong><br>5\u00ba\u00a0Luiz\u00a0Felype\u00a0Fiorese da Silva\u00a0<\/strong>\u2013 BRA<\/p>\n\n\n\n<p class=\"wp-block-paragraph\"><strong>MX2JR<br><\/strong>Emo\u00e7\u00e3o do in\u00edcio ao fim. Pablo Galdino largou na ponta, mas na segunda curva n\u00e3o conteve o ataque de Cesar Aponte. O venezuelano ditou ritmo de prova para se manter com 100% de aproveitamento na competi\u00e7\u00e3o. O pelot\u00e3o seguinte, entretanto, entregou entretenimento.<\/p>\n\n\n\n<p class=\"wp-block-paragraph\">Arthur Gomes,&nbsp;Kau\u00e3&nbsp;Vieira e Juan Felipe Garcia escalaram o pelot\u00e3o acumulando ultrapassagens. Faltando tr\u00eas minutos, Gomes sofreu uma queda e perdeu tr\u00eas posi\u00e7\u00f5es, abrindo caminho para a segunda coloca\u00e7\u00e3o de&nbsp;Kau\u00e3. Insistente, Gomes recuperou terreno e fechou em terceiro, com Juan Felipe e Gabriel Cirino completando o p\u00f3dio.&nbsp;Holeshot&nbsp;da bateria, Galdino encerrou em 10\u00ba.<\/p>\n\n\n\n<p class=\"wp-block-paragraph\"><strong>P\u00f3dio<\/strong><strong><br><\/strong><strong>1\u00ba Cesar Aponte<\/strong>&nbsp;\u2013 VEN&nbsp;(JP Pro Honda Baterias Pioneiro)<br><strong>2\u00ba&nbsp;<\/strong><strong>Kau\u00e3<\/strong><strong>&nbsp;Vieira \u2013&nbsp;<\/strong>BRA (FK Rinaldi Kawasaki Brasil)<strong><br><\/strong><strong>3\u00ba Arthur Gomes \u2013&nbsp;<\/strong>BRA (JP Pro Honda Baterias Pioneiro)<strong><br><\/strong><strong>4<\/strong><strong>\u00ba Juan Felipe Garcia<\/strong>&nbsp;\u2013 ARG (Yamaha 101 M78)<br><strong>5<\/strong><strong>\u00ba Gabriel Cirino<\/strong>&nbsp;\u2013 BRA (Belco&nbsp;Racing)<\/p>\n\n\n\n<p class=\"wp-block-paragraph\"><strong>65cc<\/strong><strong><br><\/strong>Mais uma vez, o arrojo dos pequenos talentos levou emo\u00e7\u00e3o ao p\u00fablico do in\u00edcio ao fim na 65cc. Arthur Lorenzo fez grande largada e ditou o ritmo de prova. Na reta final, entretanto, o piloto da&nbsp;Belco&nbsp;Racing passou a ser pressionado pelo seu companheiro de equipe, Henrique&nbsp;Spinass\u00e9. No fim, com apenas 3 segundos de diferen\u00e7a, veio a primeira vit\u00f3ria de Arthur Lorenzo na categoria. Pietro Fraga repetiu a terceira coloca\u00e7\u00e3o da abertura, enquanto o p\u00f3dio foi completado por Vitor Brito e Tomas&nbsp;Aguila.&nbsp;<\/p>\n\n\n\n<p class=\"wp-block-paragraph\"><strong>P\u00f3dio<\/strong><br><strong>1\u00ba Arthur Lorenzo<\/strong>&nbsp;\u2013 BRA (Belco&nbsp;Racing)<br><strong>2\u00ba H<\/strong><strong>enrique&nbsp;<\/strong><strong>Spinass\u00e9<\/strong>&nbsp;\u2013 BRA (Belco&nbsp;Racing)<strong><\/strong><br><strong>3\u00ba Pietro Fraga<\/strong>&nbsp;\u2013 BRA (Maguila MX&nbsp;School)<br><strong>4\u00ba V<\/strong><strong>itor Brito&nbsp;<\/strong>\u2013 BRA<br><strong>5\u00ba<\/strong><strong>&nbsp;Tomas&nbsp;<\/strong><strong>Aguila<\/strong><strong>&nbsp;\u2013<\/strong>&nbsp;CHI (Sagae Team)<\/p>\n\n\n\n<p class=\"wp-block-paragraph\"><strong>MXF<\/strong><strong><br><\/strong>Apesar de ter sofrido uma queda assustadora na classificat\u00f3ria da MX3,&nbsp;Luanna&nbsp;Neves voltou para pista defender a lideran\u00e7a da classe exclusiva para as mulheres. Dona do&nbsp;holeshot, a atual campe\u00e3 teve brilhante desempenho e manteve o 100% de aproveitamento na temporada. Alicia Sagae, Izabela&nbsp;Bindela, Fernanda Fabris e Vit\u00f3ria Lima tiveram bom desempenho e confirmaram a repeti\u00e7\u00e3o exata do p\u00f3dio da abertura.&nbsp;<\/p>\n\n\n\n<p class=\"wp-block-paragraph\"><strong>P\u00f3dio<\/strong><br><strong>1\u00ba&nbsp;<\/strong><strong>Luanna<\/strong><strong>&nbsp;Neves&nbsp;<\/strong>\u2013 BRA (JP&nbsp;Pro Honda Baterias Pioneiro)<br><strong>2\u00ba Alicia Sagae<\/strong>&nbsp;\u2013 BRA (Sagae Team)<br><strong>3\u00ba Izabela&nbsp;<\/strong><strong>Bindela<\/strong>&nbsp;\u2013 BRA<br><strong>4\u00ba Fernanda Fabris<\/strong>&nbsp;\u2013 BRA<br><strong>5\u00ba Vit\u00f3ria&nbsp;<\/strong><strong>Lima<\/strong>&nbsp;\u2013 BRA<\/p>\n\n\n\n<p class=\"wp-block-paragraph\"><strong>YZ125<\/strong><strong><br><\/strong>Joao Vitor Pereira largou de ponta e, desde o princ\u00edpio, precisou fazer prova defensiva para suportar ataques do pelot\u00e3o. Heverton dos Santos pressionou e assumiu a lideran\u00e7a para vencer a primeira na temporada, na Geral&nbsp;e tamb\u00e9m&nbsp;na BLU CRU Cup. Enzo Fialho, por sua vez, foi terceiro na geral e manteve o 100% de aproveitamento ao faturar a YZ 125.&nbsp;<\/p>\n\n\n\n<p class=\"wp-block-paragraph\"><strong>Resultados<\/strong><strong><br><\/strong><strong>YZ 125 Geral<\/strong><br><strong>1\u00ba Heverton Silveira dos Santos<\/strong>&nbsp;\u2013 BRA<strong><\/strong><strong><br><\/strong><strong>2\u00ba Miguel Kurtz Boer&nbsp;<\/strong>\u2013 BRA<br><strong>3\u00ba<\/strong>&nbsp;<strong>Enzo Fialho<\/strong>&nbsp;\u2013 BRA<br><strong>4<\/strong><strong>\u00ba Victor Hugo da Rocha<\/strong>&nbsp;\u2013 BRA<br><strong>5<\/strong><strong>\u00ba&nbsp;<\/strong><strong>Israel Bamba&nbsp;<\/strong>\u2013&nbsp;ARG<\/p>\n\n\n\n<p class=\"wp-block-paragraph\"><strong>IMS YZ125 BLU CRU Cup<\/strong><br><strong>1\u00ba Heverton Silveira dos Santos<\/strong>&nbsp;\u2013 BRA<strong><\/strong><strong><br><\/strong><strong>2\u00ba Miguel Kurtz Boer&nbsp;<\/strong>\u2013 BRA<br><strong>3<\/strong><strong>\u00ba Victor Hugo da Rocha<\/strong>&nbsp;\u2013 BRA<br><strong>4<\/strong><strong>\u00ba&nbsp;<\/strong><strong>Israel Bamba&nbsp;<\/strong>\u2013&nbsp;ARG<br><strong>5\u00ba&nbsp;<\/strong><strong>Pedro Guilherme Ferreira<\/strong>&nbsp;\u2013 BRA&nbsp;<\/p>\n\n\n\n<p class=\"wp-block-paragraph\"><strong>YZ 125<\/strong><strong><br><\/strong><strong>1\u00ba Enzo Fialho<\/strong>&nbsp;\u2013 BRA<br><strong>2\u00ba Zion&nbsp;<\/strong><strong>Berchtold<\/strong>&nbsp;\u2013 BRA&nbsp;<br><strong>3\u00ba Heitor Matos<\/strong>&nbsp;\u2013 BRA<br><strong>4\u00ba&nbsp;<\/strong><strong>Henri Krug<\/strong>&nbsp;\u2013 BRA<br><strong>5\u00ba&nbsp;<\/strong><strong>Caio Tib\u00farcio<\/strong>&nbsp;\u2013 BRA<\/p>\n\n\n\n<p class=\"wp-block-paragraph\"><strong><em>Texto: Ed Moreira&nbsp;<\/em><\/strong><em>\u2013 Jornalista MX1GP Brasil<\/em><\/p>\n","protected":false},"excerpt":{"rendered":"<p>Um dia ensolarado deu as boas-vindas ao grande p\u00fablico presente no primeiro dia de competi\u00e7\u00e3o da 2\u00aa etapa do MX1GP Brasil&nbsp;Sportbay, que pelo terceiro ano consecutivo retorna \u00e0 excelente infraestrutura do Centro de Eventos de Ponta Grossa, na regi\u00e3o dos Campos Gerais do Paran\u00e1. Conforme estimativa das autoridades oficiais, cerca de 8 mil pessoas registraram [&hellip;]<\/p>\n","protected":false},"author":1,"featured_media":72511,"comment_status":"closed","ping_status":"open","sticky":false,"template":"","format":"standard","meta":{"footnotes":""},"categories":[133],"tags":[],"class_list":["post-72508","post","type-post","status-publish","format-standard","has-post-thumbnail","hentry","category-motocross"],"_links":{"self":[{"href":"https:\/\/mx1gpbrasil.alperprojetos.com.br\/index.php\/wp-json\/wp\/v2\/posts\/72508","targetHints":{"allow":["GET"]}}],"collection":[{"href":"https:\/\/mx1gpbrasil.alperprojetos.com.br\/index.php\/wp-json\/wp\/v2\/posts"}],"about":[{"href":"https:\/\/mx1gpbrasil.alperprojetos.com.br\/index.php\/wp-json\/wp\/v2\/types\/post"}],"author":[{"embeddable":true,"href":"https:\/\/mx1gpbrasil.alperprojetos.com.br\/index.php\/wp-json\/wp\/v2\/users\/1"}],"replies":[{"embeddable":true,"href":"https:\/\/mx1gpbrasil.alperprojetos.com.br\/index.php\/wp-json\/wp\/v2\/comments?post=72508"}],"version-history":[{"count":0,"href":"https:\/\/mx1gpbrasil.alperprojetos.com.br\/index.php\/wp-json\/wp\/v2\/posts\/72508\/revisions"}],"wp:featuredmedia":[{"embeddable":true,"href":"https:\/\/mx1gpbrasil.alperprojetos.com.br\/index.php\/wp-json\/wp\/v2\/media\/72511"}],"wp:attachment":[{"href":"https:\/\/mx1gpbrasil.alperprojetos.com.br\/index.php\/wp-json\/wp\/v2\/media?parent=72508"}],"wp:term":[{"taxonomy":"category","embeddable":true,"href":"https:\/\/mx1gpbrasil.alperprojetos.com.br\/index.php\/wp-json\/wp\/v2\/categories?post=72508"},{"taxonomy":"post_tag","embeddable":true,"href":"https:\/\/mx1gpbrasil.alperprojetos.com.br\/index.php\/wp-json\/wp\/v2\/tags?post=72508"}],"curies":[{"name":"wp","href":"https:\/\/api.w.org\/{rel}","templated":true}]}}