{"id":72564,"date":"2026-04-27T11:30:00","date_gmt":"2026-04-27T14:30:00","guid":{"rendered":"http:\/\/mx1gpbrasil.com.br\/?p=72564"},"modified":"2026-04-27T11:30:00","modified_gmt":"2026-04-27T14:30:00","slug":"provas-emocionantes-muita-lama-e-manutencao-de-liderancas-marcam-domingo-historico-em-ponta-grossa","status":"publish","type":"post","link":"https:\/\/mx1gpbrasil.alperprojetos.com.br\/index.php\/2026\/04\/27\/provas-emocionantes-muita-lama-e-manutencao-de-liderancas-marcam-domingo-historico-em-ponta-grossa\/","title":{"rendered":"Provas emocionantes, muita lama e manuten\u00e7\u00e3o de lideran\u00e7as marcam domingo hist\u00f3rico em Ponta Grossa"},"content":{"rendered":"\n<p class=\"wp-block-paragraph\">O amanhecer chuvoso, seguido de sol, indicou que o domingo, 26 de abril, seria de fortes emo\u00e7\u00f5es no fechamento da 2\u00aa etapa do MX1GP Brasil Sportbay 2026. A multid\u00e3o n\u00e3o se intimidou com as previs\u00f5es e voltou a marcar presen\u00e7a massiva para prestigiar as principais categorias da competi\u00e7\u00e3o no Centro de Eventos de Ponta Grossa, na regi\u00e3o dos Campos Gerais do Paran\u00e1.<\/p>\n\n\n\n<p class=\"wp-block-paragraph\">A precipita\u00e7\u00e3o durante a madrugada, seguida de garoas intercaladas com per\u00edodos de sol ao longo do dia, deixou a pista em excelentes condi\u00e7\u00f5es para as classes MX1, MX2, MX4 e MXJR <em>(abaixo, confira o resumo e os resultados das provas)<\/em>. A chuva, entretanto, caiu torrencialmente no meio da tarde, proporcionando duas provas disputadas na lama.<\/p>\n\n\n\n<p class=\"wp-block-paragraph\">Os europeus vindos do Mundial de Motocross venceram as baterias principais, por\u00e9m n\u00e3o superaram a const\u00e2ncia do brasileiro Enzo Lopes, que subiu ao lugar mais alto do p\u00f3dio e segue l\u00edder da MX1. Salvador P\u00e9rez e Heitor Matos tamb\u00e9m mantiveram o \u201cred plate\u201d na MX2 e MXJR, respectivamente, enquanto a MX4 estreou na temporada com triunfo do multicampe\u00e3o Roosevelt Assun\u00e7\u00e3o.<\/p>\n\n\n\n<p class=\"wp-block-paragraph\"><strong>MX1<\/strong><strong><\/strong><\/p>\n\n\n\n<p class=\"wp-block-paragraph\">A consist\u00eancia definiu o vencedor na classe que re\u00fane grandes astros do motocross mundial. L\u00edder do campeonato, Enzo Lopes tentou a vit\u00f3ria em ambas as baterias, mas chegar \u00e0 segunda coloca\u00e7\u00e3o foi suficiente para colocar a Honda Racing no lugar mais alto do p\u00f3dio. Al\u00e9m disso, abriu 24 pontos de vantagem na lideran\u00e7a.<\/p>\n\n\n\n<p class=\"wp-block-paragraph\">Jeremy van Horebeek e Glenn Coldenhof tiveram um domingo de altos e baixos. O belga venceu a primeira bateria e estava em terceiro na corrida final, por\u00e9m abandonou devido a um problema no pneu traseiro. O holand\u00eas, por sua vez, fez dois holeshots, mas caiu na primeira volta da bateria inicial e, vindo de \u00faltimo, salvou um s\u00e9timo lugar. Na final\u00edssima, apresentou uma pilotagem digna de um Top 3 mundial e venceu de ponta a ponta. Com a ajuda dos resultados paralelos, subiu ao p\u00f3dio na 2\u00aa coloca\u00e7\u00e3o.<\/p>\n\n\n\n<p class=\"wp-block-paragraph\">Guilherme Bresolin (P3-P4) e Vitor Borba (P4-P5) voltaram a se destacar, com 3\u00ba e 4\u00ba no geral, respectivamente. O catarinense da Yamaha Monster Energy Gera\u00e7\u00e3o assumiu a segunda coloca\u00e7\u00e3o do campeonato, seguido de perto por Coldenhoff e Horebeek. O p\u00f3dio foi completado pelo franc\u00eas Gregory Aranda: 8-3, em duas provas de recupera\u00e7\u00e3o.<\/p>\n\n\n\n<p class=\"wp-block-paragraph\"><strong>P\u00f3dio<\/strong><br><strong>1\u00ba Enzo Lopes \u2013<\/strong>&nbsp;BRA (Honda Racing Brasil) \u2013 44 pontos<br><strong>2\u00ba Glenn Coldenhoff \u2013<\/strong>&nbsp;HOL (Yamaha C6 Bank IMS) \u2013 39 pontos<br><strong>3\u00ba Guilherme Bresolin \u2013 <\/strong>BRA (Factory Kawasaki Brasil) \u2013 38 pontos<br><strong>4\u00ba Vitor Hugo Borba \u2013<\/strong>&nbsp;BRA (Yamaha Monster Energy Gera\u00e7\u00e3o) \u2013 34 pontos<br><strong>5\u00ba Gregory Aranda \u2013<\/strong>&nbsp;FRA (595 Pro Tork KTM) \u2013 33 pontos<\/p>\n\n\n\n<figure class=\"wp-block-image size-large\"><img decoding=\"async\" src=\"http:\/\/mx1gpbrasil.com.br\/wp-content\/uploads\/2026\/04\/ALVM0862-1024x683.jpg\" alt=\"\" class=\"wp-image-72566\"\/><\/figure>\n\n\n\n<p class=\"wp-block-paragraph\"><strong>MX2<\/strong><strong><\/strong><\/p>\n\n\n\n<p class=\"wp-block-paragraph\">Fa\u00e7a chuva ou fa\u00e7a sol, Salvador P\u00e9rez mostrou ser o piloto a ser batido neste in\u00edcio de competi\u00e7\u00e3o. O espanhol, com nacionalidade brasileira, voltou a vencer as duas baterias e manteve os 100% de aproveitamento na categoria, abrindo 16 pontos de vantagem.<\/p>\n\n\n\n<p class=\"wp-block-paragraph\">O p\u00f3dio teve dom\u00ednio brasileiro, com destaque para a presen\u00e7a de tr\u00eas ga\u00fachos. Henicka, que chegou a liderar a segunda bateria, foi 2\u00ba (2-3), seguido de Pietro Piroli (4-2) e Gabriel Bilhar (7-5), com seu primeiro Top 5 na MX2. A quinta coloca\u00e7\u00e3o ficou com Luiz Filipe, que salvou bons resultados (11-4) em duas provas de recupera\u00e7\u00e3o. Benjamin Garib e Lucas Dunka estiveram entre os cinco da primeira bateria, mas abandonaram \u2013 por motivos distintos \u2013 na lama.<\/p>\n\n\n\n<p class=\"wp-block-paragraph\"><strong>P\u00f3dio<\/strong><br><strong>1\u00ba Salvador P\u00e9rez \u2013<\/strong>&nbsp;ESP\/BRA (Yamaha Monster Energy Gera\u00e7\u00e3o) \u2013 50 pontos<br><strong>2\u00ba Henrique Henicka \u2013<\/strong>&nbsp;BRA (595 Pro Tork KTM) \u2013 42 pontos<br><strong>3\u00ba Pietro Piroli \u2013<\/strong>&nbsp;BRA (Honda Racing Brasil) \u2013 40 pontos<br><strong>4\u00ba Gabriel Bilhar \u2013<\/strong>&nbsp;BRA \u2013 30 pontos<br><strong>5\u00ba Luiz Filipe da Rocha \u2013<\/strong>&nbsp;BRA (Yamaha C6 Bank IMS) \u2013 28 pontos<\/p>\n\n\n\n<figure class=\"wp-block-image size-large\"><img decoding=\"async\" src=\"http:\/\/mx1gpbrasil.com.br\/wp-content\/uploads\/2026\/04\/ALVM0729-1024x683.jpg\" alt=\"\" class=\"wp-image-72567\"\/><\/figure>\n\n\n\n<p class=\"wp-block-paragraph\"><strong>MXJR<\/strong><strong><\/strong><\/p>\n\n\n\n<p class=\"wp-block-paragraph\">Assim como em Canelinha, os catarinenses Zion Berchtold e Lorenzo Ricken saltaram na frente na largada, por\u00e9m, novamente, viram a frieza e a consist\u00eancia de Heitor Matos prevalecerem para a vit\u00f3ria. Desta vez, Victor Hugo da Rocha largou melhor, e a escalada no pelot\u00e3o resultou na segunda coloca\u00e7\u00e3o, seguido por Lorenzo e Zion. O p\u00f3dio foi completado por Henri Krug.<\/p>\n\n\n\n<p class=\"wp-block-paragraph\"><strong>P\u00f3dio<\/strong><strong><br><\/strong><strong>1\u00ba Heitor Matos<\/strong>&nbsp;\u2013 BRA<br><strong>2\u00ba Victor Hugo da Rocha<\/strong>&nbsp;\u2013 BRA (Yamaha C6 Bank IMS)<br><strong>3\u00ba Lorenzo Ricken<\/strong>&nbsp;\u2013 BRA<br><strong>4\u00ba Zion Berchtold<\/strong>&nbsp;\u2013 BRA (Belco Racing)<br><strong>5\u00ba Henri Krug <\/strong>\u2013 BRA (101 M78 Blu Cru Junior Team)<\/p>\n\n\n\n<figure class=\"wp-block-image size-large\"><img decoding=\"async\" src=\"http:\/\/mx1gpbrasil.com.br\/wp-content\/uploads\/2026\/04\/ALVM0631-1024x683.jpg\" alt=\"\" class=\"wp-image-72568\"\/><\/figure>\n\n\n\n<p class=\"wp-block-paragraph\"><strong>MX4<\/strong><strong><\/strong><\/p>\n\n\n\n<p class=\"wp-block-paragraph\">A classe voltada para pilotos com mais de 40 anos fez sua estreia na temporada 2026. Carlos Kipper liderou por quase toda a prova, at\u00e9 sofrer uma queda e, logo ap\u00f3s, decidir abandonar. A vit\u00f3ria, ent\u00e3o, ficou com Roosevelt Assun\u00e7\u00e3o, que encontrou o momento certo para atacar e escalar da d\u00e9cima para a primeira coloca\u00e7\u00e3o. Daniel \u201cFederal\u201d Pessanha terminou em 2\u00ba.<\/p>\n\n\n\n<p class=\"wp-block-paragraph\">O l\u00edder da categoria, entretanto, \u00e9 Jo\u00e3o Vitor Cardeli, que venceu a prova classificat\u00f3ria e terminou em terceiro na bateria oficial. O p\u00f3dio dos veteranos foi completado por Jeferson Barreto e Fabiano Nestor dos Santos.<\/p>\n\n\n\n<p class=\"wp-block-paragraph\"><strong>P\u00f3dio<\/strong><strong><br><\/strong><strong>1\u00ba Roosevelt Assun\u00e7\u00e3o<\/strong>&nbsp;\u2013 BRA (FK Rinaldi Kawasaki Brasil)<br><strong>2\u00ba Daniel \u201cFederal\u201d Pessanha<\/strong>&nbsp;\u2013 BRA (Belco Racing)<br><strong>3\u00ba Jo\u00e3o Vitor Cardeli <\/strong>\u2013 BRA (Belco Racing)<br><strong>4\u00ba Jeferson Costa Barreto<\/strong>&nbsp;\u2013 BRA (Maguila MX School)<br><strong>5\u00ba Fabiano Nestor dos Santos<\/strong>&nbsp;\u2013 BRA<\/p>\n\n\n\n<figure class=\"wp-block-image size-large\"><img decoding=\"async\" src=\"http:\/\/mx1gpbrasil.com.br\/wp-content\/uploads\/2026\/04\/ALVM0670-1024x683.jpg\" alt=\"\" class=\"wp-image-72569\"\/><\/figure>\n\n\n\n<p class=\"wp-block-paragraph\"><strong>Pr\u00f3xima etapa<\/strong><\/p>\n\n\n\n<p class=\"wp-block-paragraph\">Passadas duas etapas, o MX1GP Brasil segue no Sul do pa\u00eds, mobilizado no interior do Paran\u00e1. O pr\u00f3ximo encontro ser\u00e1 j\u00e1 neste fim de semana, nos dias 1, 2 e 3 de maio, na cidade de Castro, distante cerca de 50 quil\u00f4metros de Ponta Grossa.<\/p>\n\n\n\n<p class=\"wp-block-paragraph\"><strong><em><strong><em>Texto: Ed Moreira&nbsp;<\/em><\/strong><\/em><\/strong><em>\u2013 Jornalista MX1GP Brasil<\/em><\/p>\n\n\n\n<figure class=\"wp-block-image size-large\"><img loading=\"lazy\" decoding=\"async\" width=\"816\" height=\"1024\" src=\"http:\/\/mx1gpbrasil.com.br\/wp-content\/uploads\/2026\/04\/WhatsApp-Image-2026-04-28-at-12.23.13-816x1024.jpeg\" alt=\"\" class=\"wp-image-72571\" srcset=\"https:\/\/mx1gpbrasil.alperprojetos.com.br\/wp-content\/uploads\/2026\/04\/WhatsApp-Image-2026-04-28-at-12.23.13-816x1024.jpeg 816w, https:\/\/mx1gpbrasil.alperprojetos.com.br\/wp-content\/uploads\/2026\/04\/WhatsApp-Image-2026-04-28-at-12.23.13-239x300.jpeg 239w, https:\/\/mx1gpbrasil.alperprojetos.com.br\/wp-content\/uploads\/2026\/04\/WhatsApp-Image-2026-04-28-at-12.23.13-768x964.jpeg 768w, https:\/\/mx1gpbrasil.alperprojetos.com.br\/wp-content\/uploads\/2026\/04\/WhatsApp-Image-2026-04-28-at-12.23.13-1224x1536.jpeg 1224w, https:\/\/mx1gpbrasil.alperprojetos.com.br\/wp-content\/uploads\/2026\/04\/WhatsApp-Image-2026-04-28-at-12.23.13-102x128.jpeg 102w, https:\/\/mx1gpbrasil.alperprojetos.com.br\/wp-content\/uploads\/2026\/04\/WhatsApp-Image-2026-04-28-at-12.23.13-26x32.jpeg 26w, https:\/\/mx1gpbrasil.alperprojetos.com.br\/wp-content\/uploads\/2026\/04\/WhatsApp-Image-2026-04-28-at-12.23.13-600x753.jpeg 600w, https:\/\/mx1gpbrasil.alperprojetos.com.br\/wp-content\/uploads\/2026\/04\/WhatsApp-Image-2026-04-28-at-12.23.13.jpeg 1275w\" sizes=\"auto, (max-width: 816px) 100vw, 816px\" \/><\/figure>\n","protected":false},"excerpt":{"rendered":"<p>O amanhecer chuvoso, seguido de sol, indicou que o domingo, 26 de abril, seria de fortes emo\u00e7\u00f5es no fechamento da 2\u00aa etapa do MX1GP Brasil Sportbay 2026. A multid\u00e3o n\u00e3o se intimidou com as previs\u00f5es e voltou a marcar presen\u00e7a massiva para prestigiar as principais categorias da competi\u00e7\u00e3o no Centro de Eventos de Ponta Grossa, [&hellip;]<\/p>\n","protected":false},"author":1,"featured_media":72570,"comment_status":"closed","ping_status":"open","sticky":false,"template":"","format":"standard","meta":{"footnotes":""},"categories":[133],"tags":[],"class_list":["post-72564","post","type-post","status-publish","format-standard","has-post-thumbnail","hentry","category-motocross"],"_links":{"self":[{"href":"https:\/\/mx1gpbrasil.alperprojetos.com.br\/index.php\/wp-json\/wp\/v2\/posts\/72564","targetHints":{"allow":["GET"]}}],"collection":[{"href":"https:\/\/mx1gpbrasil.alperprojetos.com.br\/index.php\/wp-json\/wp\/v2\/posts"}],"about":[{"href":"https:\/\/mx1gpbrasil.alperprojetos.com.br\/index.php\/wp-json\/wp\/v2\/types\/post"}],"author":[{"embeddable":true,"href":"https:\/\/mx1gpbrasil.alperprojetos.com.br\/index.php\/wp-json\/wp\/v2\/users\/1"}],"replies":[{"embeddable":true,"href":"https:\/\/mx1gpbrasil.alperprojetos.com.br\/index.php\/wp-json\/wp\/v2\/comments?post=72564"}],"version-history":[{"count":0,"href":"https:\/\/mx1gpbrasil.alperprojetos.com.br\/index.php\/wp-json\/wp\/v2\/posts\/72564\/revisions"}],"wp:featuredmedia":[{"embeddable":true,"href":"https:\/\/mx1gpbrasil.alperprojetos.com.br\/index.php\/wp-json\/wp\/v2\/media\/72570"}],"wp:attachment":[{"href":"https:\/\/mx1gpbrasil.alperprojetos.com.br\/index.php\/wp-json\/wp\/v2\/media?parent=72564"}],"wp:term":[{"taxonomy":"category","embeddable":true,"href":"https:\/\/mx1gpbrasil.alperprojetos.com.br\/index.php\/wp-json\/wp\/v2\/categories?post=72564"},{"taxonomy":"post_tag","embeddable":true,"href":"https:\/\/mx1gpbrasil.alperprojetos.com.br\/index.php\/wp-json\/wp\/v2\/tags?post=72564"}],"curies":[{"name":"wp","href":"https:\/\/api.w.org\/{rel}","templated":true}]}}