{"id":72597,"date":"2026-04-30T12:42:39","date_gmt":"2026-04-30T15:42:39","guid":{"rendered":"http:\/\/mx1gpbrasil.com.br\/?p=72597"},"modified":"2026-04-30T12:42:39","modified_gmt":"2026-04-30T15:42:39","slug":"mx1gp-brasil-transforma-etapa-de-castro-em-vitrine-turistica-nos-campos-gerais-do-parana","status":"publish","type":"post","link":"https:\/\/mx1gpbrasil.alperprojetos.com.br\/index.php\/2026\/04\/30\/mx1gp-brasil-transforma-etapa-de-castro-em-vitrine-turistica-nos-campos-gerais-do-parana\/","title":{"rendered":"MX1GP Brasil transforma etapa de Castro em vitrine tur\u00edstica nos Campos Gerais do Paran\u00e1"},"content":{"rendered":"\n<p class=\"wp-block-paragraph\">O maior campeonato da Am\u00e9rica Latina segue nos Campos Gerais do Paran\u00e1. Depois de Ponta Grossa, a maioria das equipes e fam\u00edlias permaneceu instalada na regi\u00e3o \u00e0 espera da 3\u00aa etapa do MX1GP Brasil Sportbay 2026, que acontece j\u00e1 neste fim de semana, nos dias 1\u00ba, 2 e 3 de maio, em Castro.<\/p>\n\n\n\n<p class=\"wp-block-paragraph\">Compromissada com o desenvolvimento econ\u00f4mico das cidades promotoras e com a log\u00edstica dos participantes da competi\u00e7\u00e3o, a Promox encaixou dois eventos de forma consecutiva em munic\u00edpios separados por cerca de 50 quil\u00f4metros. A rede hoteleira segue pr\u00f3xima da lota\u00e7\u00e3o m\u00e1xima ao longo da semana, confirmando o reflexo financeiro do evento para os munic\u00edpios-sede.<\/p>\n\n\n\n<p class=\"wp-block-paragraph\">Al\u00e9m de estarem pr\u00f3ximos \u00e0 capital, Curitiba, os Campos Gerais do Paran\u00e1 apresentam-se como uma regi\u00e3o de forte tradi\u00e7\u00e3o tropeira e agropecu\u00e1ria, al\u00e9m de rica em atra\u00e7\u00f5es naturais. As vizinhas Ponta Grossa e Castro s\u00e3o um \u201cprato cheio\u201d para quem aprecia cachoeiras e belas paisagens, preservadas e com predom\u00ednio de mata nativa.<\/p>\n\n\n\n<p class=\"wp-block-paragraph\">Durante a semana, nas redes sociais, pilotos e staff publicaram imagens em pontos tur\u00edsticos da regi\u00e3o, como o Parque Estadual de Vila Velha e o Buraco do Padre, em Ponta Grossa; e a Cachoeira do Rio Capivari e o Parque Lacustre, em Castro.<\/p>\n\n\n\n<p class=\"wp-block-paragraph\"><strong>Glenn Coldenhoff \u201cem casa\u201d na Col\u00f4nia Castrolanda<\/strong><\/p>\n\n\n\n<figure class=\"wp-block-image size-large\"><img decoding=\"async\" src=\"http:\/\/mx1gpbrasil.com.br\/wp-content\/uploads\/2026\/05\/ALVM1053-683x1024.jpg\" alt=\"\" class=\"wp-image-72599\"\/><\/figure>\n\n\n\n<p class=\"wp-block-paragraph\">Um dos principais pontos tur\u00edsticos de Castro \u00e9 um \u201cpedacinho da Holanda\u201d no Brasil. Fundada em 1952 por imigrantes holandeses no p\u00f3s-Segunda Guerra Mundial, a Col\u00f4nia Castrolanda tem como refer\u00eancia o Museu do Moinho \u2014 um dos maiores moinhos em estilo holand\u00eas do mundo \u2014 e se destaca como importante polo agroindustrial de latic\u00ednios.<\/p>\n\n\n\n<p class=\"wp-block-paragraph\">A \u00e1rea, que preserva a cultura, a arquitetura e as tradi\u00e7\u00f5es da Holanda, recebeu uma visita especial ao longo desta semana entre etapas do MX1GP Brasil: Glenn Coldenhoff, atual terceiro colocado no Mundial de Motocross. \u201c\u00c9 muito bom para mim poder falar minha pr\u00f3pria l\u00edngua aqui no Brasil; a comunica\u00e7\u00e3o \u00e0s vezes pode ser um desafio. Sempre me traz um sorriso no rosto conversar com brasileiros que falam holand\u00eas\u201d, conta o piloto da Yamaha C6 Bank IMS.<\/p>\n\n\n\n<p class=\"wp-block-paragraph\">O holand\u00eas revelou que, devido ao fator da coloniza\u00e7\u00e3o holandesa na cidade, a fornecedora de material esportivo de sua equipe desenvolveu um design personalizado de capacete, conjunto e botas, especialmente para a etapa de Castro. \u201cAcho que voc\u00eas v\u00e3o gostar\u201d, projeta.<\/p>\n\n\n\n<p class=\"wp-block-paragraph\">Coldenhoff tamb\u00e9m revela motiva\u00e7\u00e3o extra para competir em um espa\u00e7o que possui essa proximidade cultural com seu pa\u00eds. \u201c\u00c9 muito especial para mim correr diante dos f\u00e3s aqui, e posso dizer que Castro \u00e9 como correr em casa\u201d, conclui.<\/p>\n\n\n\n<p class=\"wp-block-paragraph\"><strong>Paddock ganha forma \u00e0 espera das provas<\/strong><\/p>\n\n\n\n<p class=\"wp-block-paragraph\">Com ampla estrutura j\u00e1 montada, o Parque Dario Macedo come\u00e7ou a receber efetivamente as equipes. Embora alguns pilotos, membros do staff e da imprensa j\u00e1 tivessem ido ao local durante a semana, as estruturas de box come\u00e7aram a ser montadas nesta quinta-feira, 30 de abril.<\/p>\n\n\n\n<p class=\"wp-block-paragraph\">Na sexta-feira, 1\u00ba de maio, os boxes estar\u00e3o abertos das 8h \u00e0s 18h, com servi\u00e7os de secretaria e vistoria para todas as classes, das 10h \u00e0s 18h. No s\u00e1bado, dia 2, a partir das 8h, acontecem as primeiras atividades na pista, com treinos livres e cronometrados, provas classificat\u00f3rias e oficiais nas categorias MX3, YZ125, 50cc, MX5, 65cc e MX2JR. No domingo, dia 3, entram na pista MX1, MX2, MXJR e MXF.<\/p>\n\n\n\n<p class=\"wp-block-paragraph\"><strong><em>Texto: Ed Moreira&nbsp;<\/em><\/strong><em>\u2013 Jornalista MX1GP Brasil<\/em><\/p>\n","protected":false},"excerpt":{"rendered":"<p>O maior campeonato da Am\u00e9rica Latina segue nos Campos Gerais do Paran\u00e1. Depois de Ponta Grossa, a maioria das equipes e fam\u00edlias permaneceu instalada na regi\u00e3o \u00e0 espera da 3\u00aa etapa do MX1GP Brasil Sportbay 2026, que acontece j\u00e1 neste fim de semana, nos dias 1\u00ba, 2 e 3 de maio, em Castro. Compromissada com [&hellip;]<\/p>\n","protected":false},"author":1,"featured_media":72599,"comment_status":"closed","ping_status":"open","sticky":false,"template":"","format":"standard","meta":{"footnotes":""},"categories":[133],"tags":[],"class_list":["post-72597","post","type-post","status-publish","format-standard","has-post-thumbnail","hentry","category-motocross"],"_links":{"self":[{"href":"https:\/\/mx1gpbrasil.alperprojetos.com.br\/index.php\/wp-json\/wp\/v2\/posts\/72597","targetHints":{"allow":["GET"]}}],"collection":[{"href":"https:\/\/mx1gpbrasil.alperprojetos.com.br\/index.php\/wp-json\/wp\/v2\/posts"}],"about":[{"href":"https:\/\/mx1gpbrasil.alperprojetos.com.br\/index.php\/wp-json\/wp\/v2\/types\/post"}],"author":[{"embeddable":true,"href":"https:\/\/mx1gpbrasil.alperprojetos.com.br\/index.php\/wp-json\/wp\/v2\/users\/1"}],"replies":[{"embeddable":true,"href":"https:\/\/mx1gpbrasil.alperprojetos.com.br\/index.php\/wp-json\/wp\/v2\/comments?post=72597"}],"version-history":[{"count":0,"href":"https:\/\/mx1gpbrasil.alperprojetos.com.br\/index.php\/wp-json\/wp\/v2\/posts\/72597\/revisions"}],"wp:featuredmedia":[{"embeddable":true,"href":"https:\/\/mx1gpbrasil.alperprojetos.com.br\/index.php\/wp-json\/wp\/v2\/media\/72599"}],"wp:attachment":[{"href":"https:\/\/mx1gpbrasil.alperprojetos.com.br\/index.php\/wp-json\/wp\/v2\/media?parent=72597"}],"wp:term":[{"taxonomy":"category","embeddable":true,"href":"https:\/\/mx1gpbrasil.alperprojetos.com.br\/index.php\/wp-json\/wp\/v2\/categories?post=72597"},{"taxonomy":"post_tag","embeddable":true,"href":"https:\/\/mx1gpbrasil.alperprojetos.com.br\/index.php\/wp-json\/wp\/v2\/tags?post=72597"}],"curies":[{"name":"wp","href":"https:\/\/api.w.org\/{rel}","templated":true}]}}