{"id":72605,"date":"2026-05-02T22:50:16","date_gmt":"2026-05-03T01:50:16","guid":{"rendered":"https:\/\/mx1gpbrasil.com.br\/?p=72605"},"modified":"2026-05-02T22:50:16","modified_gmt":"2026-05-03T01:50:16","slug":"devido-a-temporal-em-castro-programacao-de-sabado-e-cancelada-e-de-domingo-alterada","status":"publish","type":"post","link":"https:\/\/mx1gpbrasil.alperprojetos.com.br\/index.php\/2026\/05\/02\/devido-a-temporal-em-castro-programacao-de-sabado-e-cancelada-e-de-domingo-alterada\/","title":{"rendered":"Devido a temporal em Castro, etapa de Castro tem programa\u00e7\u00e3o de s\u00e1bado cancelada e a de domingo alterada"},"content":{"rendered":"\n<figure class=\"wp-block-image size-large\"><img decoding=\"async\" src=\"https:\/\/mx1gpbrasil.com.br\/wp-content\/uploads\/2026\/05\/ALVM1994-1024x683.jpg\" alt=\"\" class=\"wp-image-72607\"\/><\/figure>\n\n\n\n<p class=\"wp-block-paragraph\">Um repentino temporal interrompeu o cronograma da 3\u00aa etapa do MX1GP Brasil Sportbay 2026. Ainda na manh\u00e3 deste s\u00e1bado, 2 de maio, durante as provas classificat\u00f3rias, uma forte precipita\u00e7\u00e3o \u2014 acompanhada de ventos intensos e grande volume de chuva \u2014 atingiu o Parque de Exposi\u00e7\u00f5es Dario Macedo, em Castro, no Paran\u00e1.<\/p>\n\n\n\n<p class=\"wp-block-paragraph\">Avarias significativas foram registradas na cenografia da pista e no paddock, impossibilitando o prosseguimento das atividades ao longo do dia. \u201cA seguran\u00e7a dos pilotos, das equipes e do p\u00fablico \u00e9 nossa prioridade absoluta\u201d, justificou a Promox, em nota. Desta forma, as categorias YZ125, 50cc, 65cc, MX2JR, MX3 e MX5 n\u00e3o ser\u00e3o mais disputadas em Castro. Felizmente, ningu\u00e9m se feriu.<\/p>\n\n\n\n<p class=\"wp-block-paragraph\">Desde a precipita\u00e7\u00e3o, a equipe organizadora trabalha arduamente deixar a pista, cenografia e paddock em condi\u00e7\u00f5es para o seguimento do evento. Ap\u00f3s reuni\u00f5es, a Promox promoveu altera\u00e7\u00f5es no cronograma deste domingo, 3. Por quest\u00f5es de seguran\u00e7a, as categorias MXJR e MXF \u2013 previstas para o domingo \u2013, tamb\u00e9m foram canceladas. A programa\u00e7\u00e3o ser\u00e1 composta pelas disputas das MX1 e MX2.<\/p>\n\n\n\n<p class=\"wp-block-paragraph\"><strong>NOVA PROGRAMA\u00c7\u00c3O \u2013 Domingo, 3<\/strong><br><strong>Treinos livres<\/strong><br>10h30 \u00e0s 10h40: MX2<br>10h45 \u00e0s 11h: MX1<br><br><em>Manuten\u00e7\u00e3o de pista \u2013 50min<\/em><br><br><strong>Provas oficiais<\/strong><br>12h30: MX2 (30min + 2 voltas)<br>13h30: MX1 (30min + 2 voltas)<br><br><em>Manuten\u00e7\u00e3o de pista<\/em><br><br>15h30: MX1\/MX2 (30min + 2 voltas)<br><br>16h10: P\u00f3dio MX2 e MX1<br><br><\/p>\n\n\n\n<p class=\"wp-block-paragraph\"><strong><em>Texto: Ed Moreira&nbsp;<\/em><\/strong><em>\u2013 Jornalista MX1GP Brasil<\/em><\/p>\n","protected":false},"excerpt":{"rendered":"<p>Um repentino temporal interrompeu o cronograma da 3\u00aa etapa do MX1GP Brasil Sportbay 2026. Ainda na manh\u00e3 deste s\u00e1bado, 2 de maio, durante as provas classificat\u00f3rias, uma forte precipita\u00e7\u00e3o \u2014 acompanhada de ventos intensos e grande volume de chuva \u2014 atingiu o Parque de Exposi\u00e7\u00f5es Dario Macedo, em Castro, no Paran\u00e1. Avarias significativas foram registradas [&hellip;]<\/p>\n","protected":false},"author":1,"featured_media":72607,"comment_status":"closed","ping_status":"open","sticky":false,"template":"","format":"standard","meta":{"footnotes":""},"categories":[133],"tags":[],"class_list":["post-72605","post","type-post","status-publish","format-standard","has-post-thumbnail","hentry","category-motocross"],"_links":{"self":[{"href":"https:\/\/mx1gpbrasil.alperprojetos.com.br\/index.php\/wp-json\/wp\/v2\/posts\/72605","targetHints":{"allow":["GET"]}}],"collection":[{"href":"https:\/\/mx1gpbrasil.alperprojetos.com.br\/index.php\/wp-json\/wp\/v2\/posts"}],"about":[{"href":"https:\/\/mx1gpbrasil.alperprojetos.com.br\/index.php\/wp-json\/wp\/v2\/types\/post"}],"author":[{"embeddable":true,"href":"https:\/\/mx1gpbrasil.alperprojetos.com.br\/index.php\/wp-json\/wp\/v2\/users\/1"}],"replies":[{"embeddable":true,"href":"https:\/\/mx1gpbrasil.alperprojetos.com.br\/index.php\/wp-json\/wp\/v2\/comments?post=72605"}],"version-history":[{"count":1,"href":"https:\/\/mx1gpbrasil.alperprojetos.com.br\/index.php\/wp-json\/wp\/v2\/posts\/72605\/revisions"}],"predecessor-version":[{"id":73320,"href":"https:\/\/mx1gpbrasil.alperprojetos.com.br\/index.php\/wp-json\/wp\/v2\/posts\/72605\/revisions\/73320"}],"wp:featuredmedia":[{"embeddable":true,"href":"https:\/\/mx1gpbrasil.alperprojetos.com.br\/index.php\/wp-json\/wp\/v2\/media\/72607"}],"wp:attachment":[{"href":"https:\/\/mx1gpbrasil.alperprojetos.com.br\/index.php\/wp-json\/wp\/v2\/media?parent=72605"}],"wp:term":[{"taxonomy":"category","embeddable":true,"href":"https:\/\/mx1gpbrasil.alperprojetos.com.br\/index.php\/wp-json\/wp\/v2\/categories?post=72605"},{"taxonomy":"post_tag","embeddable":true,"href":"https:\/\/mx1gpbrasil.alperprojetos.com.br\/index.php\/wp-json\/wp\/v2\/tags?post=72605"}],"curies":[{"name":"wp","href":"https:\/\/api.w.org\/{rel}","templated":true}]}}