{"id":72612,"date":"2026-05-03T23:29:58","date_gmt":"2026-05-04T02:29:58","guid":{"rendered":"https:\/\/mx1gpbrasil.com.br\/?p=72612"},"modified":"2026-05-03T23:29:58","modified_gmt":"2026-05-04T02:29:58","slug":"grande-publico-prestigia-vitorias-solidas-de-enzo-lopes-e-lucas-dunka-em-castro","status":"publish","type":"post","link":"https:\/\/mx1gpbrasil.alperprojetos.com.br\/index.php\/2026\/05\/03\/grande-publico-prestigia-vitorias-solidas-de-enzo-lopes-e-lucas-dunka-em-castro\/","title":{"rendered":"Grande p\u00fablico prestigia vit\u00f3rias s\u00f3lidas de Enzo Lopes e Lucas Dunka, em Castro"},"content":{"rendered":"\n<p class=\"wp-block-paragraph\">Arquibancadas lotadas, torcida calorosa e provas emocionantes. Nem o temporal, tampouco o frio acompanhado de uma chuva fina interferiu no sucesso da 3\u00aa etapa do MX1GP Brasil Sportbay 2026. Com cronograma reduzido, a festa foi brasileira no Parque de Exposi\u00e7\u00f5es Dario Macedo, em Castro, no Paran\u00e1.<\/p>\n\n\n\n<p class=\"wp-block-paragraph\">Com o cronograma reduzido para a disputa apenas das classes principais, Lucas Dunka reencontrou a vit\u00f3ria na MX2, enquanto Enzo Lopes segue sendo o \u00fanico a subir no lugar mais alto do p\u00f3dio da MX1 (resumo das provas, abaixo). Ainda, as condi\u00e7\u00f5es da pista resultaram no adiamento da bateria da MX1\/MX2.<\/p>\n\n\n\n<p class=\"wp-block-paragraph\"><strong>MX1<\/strong><\/p>\n\n\n\n<p class=\"wp-block-paragraph\">Enzo Lopes segue imbat\u00edvel na temporada. Na desafiadora pista de Castro, o piloto da Honda Racing Brasil foi dominante: mais r\u00e1pido no treino livre, holeshot, vit\u00f3ria de ponta a ponta e red plate mantido. Glen Coldenhoff largou bem, trocou posi\u00e7\u00f5es na primeira volta e estabilizou-se em segundo at\u00e9 a bandeirada final. No restante, a bateria foi completamente acidentada.<\/p>\n\n\n\n<p class=\"wp-block-paragraph\">Gregory Aranda e Jeremy van Horebeek largaram bem e trocaram posi\u00e7\u00f5es com Coldenhoff, por\u00e9m ambos tiveram problemas na primeira volta. O franc\u00eas da 595 KTM escalou o pelot\u00e3o at\u00e9 terceiro, mas na reta final perdeu rendimento com problema na embreagem. Horebeek fez a mesma escalada at\u00e9 brigar pela terceira posi\u00e7\u00e3o com Hector Assun\u00e7\u00e3o, dono de bateria consistente. O belga caiu pela segunda vez, mas se levantou e terminou no Top 3. O p\u00f3dio foi completado por F\u00e1bio Santos.<\/p>\n\n\n\n<p class=\"wp-block-paragraph\">Com os resultados, Enzo Lopes ampliou sua vantagem na lideran\u00e7a. Foi aos 119 pontos, abrindo 29 de Coldenhoff, que tem 90. A lista dos cinco primeiros \u00e9 completada por Horebeek (87), Aranda (76) e Guilherme Bresolin (74). Ent\u00e3o vice-l\u00edder, Vitor Borba teve problemas mec\u00e2nicos e abandonou, caindo para a sexta coloca\u00e7\u00e3o na classifica\u00e7\u00e3o.<\/p>\n\n\n\n<p class=\"wp-block-paragraph\"><strong>P\u00f3dio<\/strong><br><strong>1\u00ba Enzo Lopes \u2013<\/strong>&nbsp;BRA (Honda Racing Brasil) \u2013 25 pontos<br><strong>2\u00ba Glenn Coldenhoff \u2013<\/strong>&nbsp;HOL (Yamaha C6 Bank IMS) \u2013 22 pontos<br><strong>3\u00ba Jeremy van Horebeek \u2013&nbsp;<\/strong>BEL (Honda Racing Brasil) \u2013 20 pontos<br><strong>4\u00ba Hector Assun\u00e7\u00e3o \u2013<\/strong>&nbsp;BRA (595 Pro Tork KTM) \u2013 18 pontos<br><strong>5\u00ba F\u00e1bio Santos \u2013<\/strong>&nbsp;BRA (Yamaha Monster Energy Gera\u00e7\u00e3o) \u2013 16 pontos<\/p>\n\n\n\n<figure class=\"wp-block-image size-large\"><img decoding=\"async\" src=\"https:\/\/mx1gpbrasil.com.br\/wp-content\/uploads\/2026\/05\/ALVM2233-1-1024x683.jpg\" alt=\"\" class=\"wp-image-72617\"\/><\/figure>\n\n\n\n<p class=\"wp-block-paragraph\"><strong>MX2<\/strong><\/p>\n\n\n\n<p class=\"wp-block-paragraph\">Salvador P\u00e9rez fez o holeshot e come\u00e7ou a ditar o ritmo, mas uma queda na metade da prova comprometeu suas chances de vit\u00f3ria. Al\u00e9m disso, parou no pit lane para trocar de luvas e sofreu outra queda. Pietro Piroli, Benjamin Garib e Henrique Henicka tamb\u00e9m ca\u00edram no primeiro pelot\u00e3o. Lucas Dunka n\u00e3o titubeou, mostrou const\u00e2ncia e perspic\u00e1cia na lama rumo ao seu reencontro com a vit\u00f3ria, de forma emocionante.<\/p>\n\n\n\n<p class=\"wp-block-paragraph\">O piloto da Factory Kawasaki Brasil foi o \u00fanico que n\u00e3o teve intercorr\u00eancias na bateria. A vit\u00f3ria o levou aos 74 pontos e o fez subir para a quinta coloca\u00e7\u00e3o na classifica\u00e7\u00e3o geral, que segue sendo liderada por Salvador P\u00e9rez, com 116 pontos. A dist\u00e2ncia foi reduzida para 12 pontos, seguido por Henrique Henicka e Pietro Piroli, ambos com 104 pontos. Luiz Felipe Rocha \u00e9 o quarto, com 76.<\/p>\n\n\n\n<p class=\"wp-block-paragraph\"><strong>P\u00f3dio<\/strong><br>1\u00ba Lucas Dunka \u2013 BRA (Factory Kawasaki Brasil) \u2013 25 pontos<br>2\u00ba Henrique Henicka \u2013 BRA (595 Pro Tork KTM) \u2013 22 pontos<br>3\u00ba Pietro Piroli \u2013 BRA (Honda Racing) \u2013 20 pontos<br>4\u00ba Benjamin Garib \u2013 BRA (JP Pro Honda Baterias Pioneiro) \u2013 18 pontos<br>5\u00ba Salvador P\u00e9rez &#8211; ESP\/BRA &nbsp;(Yamaha Monster Energy Gera\u00e7\u00e3o) \u2013 16 pontos<\/p>\n\n\n\n<figure class=\"wp-block-image size-large\"><img decoding=\"async\" src=\"https:\/\/mx1gpbrasil.com.br\/wp-content\/uploads\/2026\/05\/ALVM2101-1-1024x683.jpg\" alt=\"\" class=\"wp-image-72618\"\/><\/figure>\n\n\n\n<p class=\"wp-block-paragraph\"><strong>Pr\u00f3xima etapa e bateria adiada<\/strong><\/p>\n\n\n\n<p class=\"wp-block-paragraph\">Apesar da etapa ter sido declarada encerrada em Castro, a bateria final (largada conjunta da MX1 e MX2) foi adiada, e os pontos ser\u00e3o disputados ao longo da competi\u00e7\u00e3o. O local e a data ainda n\u00e3o foram divulgados oficialmente.<\/p>\n\n\n\n<p class=\"wp-block-paragraph\">Depois de mais de duas semanas nos Campos Gerais do Paran\u00e1, o MX1GP Brasil Sporbay 2026 ter\u00e1 uma pausa de algumas semanas at\u00e9 ser retomado em Cuiab\u00e1, no Mato Grosso. Com previs\u00e3o de provas noturnas, a 4\u00aa etapa ocorrer\u00e1 entre os dias 21 e 24 de maio.<\/p>\n\n\n\n<p class=\"wp-block-paragraph\"><strong><em>Texto: Ed Moreira&nbsp;<\/em><\/strong><em>\u2013 Jornalista MX1GP Brasil<\/em><\/p>\n","protected":false},"excerpt":{"rendered":"<p>Arquibancadas lotadas, torcida calorosa e provas emocionantes. Nem o temporal, tampouco o frio acompanhado de uma chuva fina interferiu no sucesso da 3\u00aa etapa do MX1GP Brasil Sportbay 2026. Com cronograma reduzido, a festa foi brasileira no Parque de Exposi\u00e7\u00f5es Dario Macedo, em Castro, no Paran\u00e1. Com o cronograma reduzido para a disputa apenas das [&hellip;]<\/p>\n","protected":false},"author":1,"featured_media":72617,"comment_status":"closed","ping_status":"open","sticky":false,"template":"","format":"standard","meta":{"footnotes":""},"categories":[133],"tags":[],"class_list":["post-72612","post","type-post","status-publish","format-standard","has-post-thumbnail","hentry","category-motocross"],"_links":{"self":[{"href":"https:\/\/mx1gpbrasil.alperprojetos.com.br\/index.php\/wp-json\/wp\/v2\/posts\/72612","targetHints":{"allow":["GET"]}}],"collection":[{"href":"https:\/\/mx1gpbrasil.alperprojetos.com.br\/index.php\/wp-json\/wp\/v2\/posts"}],"about":[{"href":"https:\/\/mx1gpbrasil.alperprojetos.com.br\/index.php\/wp-json\/wp\/v2\/types\/post"}],"author":[{"embeddable":true,"href":"https:\/\/mx1gpbrasil.alperprojetos.com.br\/index.php\/wp-json\/wp\/v2\/users\/1"}],"replies":[{"embeddable":true,"href":"https:\/\/mx1gpbrasil.alperprojetos.com.br\/index.php\/wp-json\/wp\/v2\/comments?post=72612"}],"version-history":[{"count":0,"href":"https:\/\/mx1gpbrasil.alperprojetos.com.br\/index.php\/wp-json\/wp\/v2\/posts\/72612\/revisions"}],"wp:featuredmedia":[{"embeddable":true,"href":"https:\/\/mx1gpbrasil.alperprojetos.com.br\/index.php\/wp-json\/wp\/v2\/media\/72617"}],"wp:attachment":[{"href":"https:\/\/mx1gpbrasil.alperprojetos.com.br\/index.php\/wp-json\/wp\/v2\/media?parent=72612"}],"wp:term":[{"taxonomy":"category","embeddable":true,"href":"https:\/\/mx1gpbrasil.alperprojetos.com.br\/index.php\/wp-json\/wp\/v2\/categories?post=72612"},{"taxonomy":"post_tag","embeddable":true,"href":"https:\/\/mx1gpbrasil.alperprojetos.com.br\/index.php\/wp-json\/wp\/v2\/tags?post=72612"}],"curies":[{"name":"wp","href":"https:\/\/api.w.org\/{rel}","templated":true}]}}