{"id":72630,"date":"2026-05-05T15:51:51","date_gmt":"2026-05-05T18:51:51","guid":{"rendered":"http:\/\/mx1gpbrasil.com.br\/?p=72630"},"modified":"2026-05-05T15:51:51","modified_gmt":"2026-05-05T18:51:51","slug":"promox-e-cbm-anunciam-remanejamento-de-baterias-canceladas-em-castro-pr","status":"publish","type":"post","link":"https:\/\/mx1gpbrasil.alperprojetos.com.br\/index.php\/2026\/05\/05\/promox-e-cbm-anunciam-remanejamento-de-baterias-canceladas-em-castro-pr\/","title":{"rendered":"PROMOX e CBM anunciam remanejamento de baterias CANCELADAS em Castro (PR)"},"content":{"rendered":"\n<figure class=\"wp-block-image size-large\"><img decoding=\"async\" src=\"http:\/\/mx1gpbrasil.com.br\/wp-content\/uploads\/2026\/05\/IMG_2037-1024x683.jpg\" alt=\"\" class=\"wp-image-72635\"\/><\/figure>\n\n\n\n<p class=\"wp-block-paragraph\">Em uma decis\u00e3o conjunta focada no equil\u00edbrio do campeonato e na seguran\u00e7a dos competidores, a <strong>PROMOX Brasil, promotora oficial do MX1 GP BRASIL Sportbay, e a Confedera\u00e7\u00e3o Brasileira de Motociclismo (CBM)<\/strong> definiram remanejar as provas que foram canceladas durante a terceira etapa da competi\u00e7\u00e3o, em Castro (PR).<\/p>\n\n\n\n<p class=\"wp-block-paragraph\">As fortes chuvas e o temporal que atingiram a regi\u00e3o no \u00faltimo final de semana impossibilitaram a realiza\u00e7\u00e3o de algumas categorias oficiais. Ap\u00f3s an\u00e1lise t\u00e9cnica das condi\u00e7\u00f5es de pista e log\u00edstica das equipes, ficou decidido que essas provas ser\u00e3o remanejadas para a programa\u00e7\u00e3o oficial a partir da etapa de <strong>Palmas (TO)<\/strong>.<\/p>\n\n\n\n<p class=\"wp-block-paragraph\"><strong>Log\u00edstica e Cronograma<\/strong><\/p>\n\n\n\n<p class=\"wp-block-paragraph\">A organiza\u00e7\u00e3o esclareceu que a etapa seguinte, que acontece em <strong>Cuiab\u00e1 (MT)<\/strong>, n\u00e3o receber\u00e1 as baterias extras. A justificativa \u00e9 estritamente log\u00edstica: o curto intervalo entre os eventos e a complexidade do deslocamento para o Centro-Oeste impedem a altera\u00e7\u00e3o do cronograma original sem preju\u00edzo \u00e0s equipes e pilotos.<\/p>\n\n\n\n<p class=\"wp-block-paragraph\"><strong>&#8220;Nossa prioridade \u00e9 sempre o piloto. Tomamos essa decis\u00e3o para garantir que as baterias sejam realizadas com a estrutura e o tempo de pista necess\u00e1rios, sem atropelos log\u00edsticos que pudessem comprometer a performance ou a seguran\u00e7a de quem faz o show acontecer&#8221;<\/strong>*, afirmou a dire\u00e7\u00e3o.<\/p>\n\n\n\n<p class=\"wp-block-paragraph\"><strong>Pr\u00f3ximos Passos<\/strong><\/p>\n\n\n\n<p class=\"wp-block-paragraph\">A programa\u00e7\u00e3o oficial para a etapa de <strong>Cuiab\u00e1<\/strong> ser\u00e1 divulgada em breve, mantendo o formato padr\u00e3o do campeonato. J\u00e1 os adendos com os hor\u00e1rios espec\u00edficos das provas remanejadas para a etapa de <strong>Palmas<\/strong> e subsequentes ser\u00e3o publicados nos canais oficiais da CBM e da Promox nos pr\u00f3ximos dias.<\/p>\n\n\n\n<p class=\"wp-block-paragraph\">Com a decis\u00e3o, o campeonato mant\u00e9m a integridade de sua pontua\u00e7\u00e3o, garantindo que as disputas pelos t\u00edtulos das categorias afetadas pelo clima sejam decididas dentro da pista, sob as melhores condi\u00e7\u00f5es poss\u00edveis.<\/p>\n\n\n\n<p class=\"wp-block-paragraph\">Contamos com a compreens\u00e3o de todos!<\/p>\n\n\n\n<p class=\"wp-block-paragraph\"><\/p>\n","protected":false},"excerpt":{"rendered":"<p>Em uma decis\u00e3o conjunta focada no equil\u00edbrio do campeonato e na seguran\u00e7a dos competidores, a PROMOX Brasil, promotora oficial do MX1 GP BRASIL Sportbay, e a Confedera\u00e7\u00e3o Brasileira de Motociclismo (CBM) definiram remanejar as provas que foram canceladas durante a terceira etapa da competi\u00e7\u00e3o, em Castro (PR). As fortes chuvas e o temporal que atingiram [&hellip;]<\/p>\n","protected":false},"author":1,"featured_media":72635,"comment_status":"closed","ping_status":"open","sticky":false,"template":"","format":"standard","meta":{"footnotes":""},"categories":[133],"tags":[],"class_list":["post-72630","post","type-post","status-publish","format-standard","has-post-thumbnail","hentry","category-motocross"],"_links":{"self":[{"href":"https:\/\/mx1gpbrasil.alperprojetos.com.br\/index.php\/wp-json\/wp\/v2\/posts\/72630","targetHints":{"allow":["GET"]}}],"collection":[{"href":"https:\/\/mx1gpbrasil.alperprojetos.com.br\/index.php\/wp-json\/wp\/v2\/posts"}],"about":[{"href":"https:\/\/mx1gpbrasil.alperprojetos.com.br\/index.php\/wp-json\/wp\/v2\/types\/post"}],"author":[{"embeddable":true,"href":"https:\/\/mx1gpbrasil.alperprojetos.com.br\/index.php\/wp-json\/wp\/v2\/users\/1"}],"replies":[{"embeddable":true,"href":"https:\/\/mx1gpbrasil.alperprojetos.com.br\/index.php\/wp-json\/wp\/v2\/comments?post=72630"}],"version-history":[{"count":0,"href":"https:\/\/mx1gpbrasil.alperprojetos.com.br\/index.php\/wp-json\/wp\/v2\/posts\/72630\/revisions"}],"wp:featuredmedia":[{"embeddable":true,"href":"https:\/\/mx1gpbrasil.alperprojetos.com.br\/index.php\/wp-json\/wp\/v2\/media\/72635"}],"wp:attachment":[{"href":"https:\/\/mx1gpbrasil.alperprojetos.com.br\/index.php\/wp-json\/wp\/v2\/media?parent=72630"}],"wp:term":[{"taxonomy":"category","embeddable":true,"href":"https:\/\/mx1gpbrasil.alperprojetos.com.br\/index.php\/wp-json\/wp\/v2\/categories?post=72630"},{"taxonomy":"post_tag","embeddable":true,"href":"https:\/\/mx1gpbrasil.alperprojetos.com.br\/index.php\/wp-json\/wp\/v2\/tags?post=72630"}],"curies":[{"name":"wp","href":"https:\/\/api.w.org\/{rel}","templated":true}]}}