{"id":72645,"date":"2026-05-06T11:09:57","date_gmt":"2026-05-06T14:09:57","guid":{"rendered":"https:\/\/mx1gpbrasil.com.br\/?p=72645"},"modified":"2026-05-06T11:09:57","modified_gmt":"2026-05-06T14:09:57","slug":"castro-resiste-as-intemperies-climaticas-e-se-credencia-como-um-dos-palcos-do-motocross-brasileiro","status":"publish","type":"post","link":"https:\/\/mx1gpbrasil.alperprojetos.com.br\/index.php\/2026\/05\/06\/castro-resiste-as-intemperies-climaticas-e-se-credencia-como-um-dos-palcos-do-motocross-brasileiro\/","title":{"rendered":"Castro resiste \u00e0s intemp\u00e9ries clim\u00e1ticas e se credencia como um dos palcos do motocross brasileiro"},"content":{"rendered":"\n<figure class=\"wp-block-image size-large\"><img decoding=\"async\" src=\"https:\/\/mx1gpbrasil.com.br\/wp-content\/uploads\/2026\/05\/ALVM1692-1-1024x683.jpg\" alt=\"\" class=\"wp-image-72669\"\/><\/figure>\n\n\n\n<p class=\"wp-block-paragraph\">Os Campos Gerais do Paran\u00e1 aparentam ter a receita do sucesso para grandes eventos. Uma semana ap\u00f3s Ponta Grossa, a cidade de Castro \u201cabriu as portas\u201d para o MX1GP Brasil Sportbay 2026. A hospitalidade do seu povo conquistou staff, pilotos, equipes, fam\u00edlias e apaixonados por motociclismo de diversas regi\u00f5es do pa\u00eds, que se instalaram durante os dias 1\u00ba, 2 e 3 de maio na grandiosa infraestrutura do Parque de Exposi\u00e7\u00f5es Dario Macedo.<\/p>\n\n\n\n<p class=\"wp-block-paragraph\">Apesar das instabilidades clim\u00e1ticas, para al\u00e9m das provas emocionantes na pista, a 3\u00aa etapa entregou comodidade, entretenimento e arquibancadas lotadas. \u201cO saldo \u00e9 muito positivo, pois encontramos aqui uma entrega digna, em termos de evento como um todo, de um dos maiores eventos do mundo. As condi\u00e7\u00f5es clim\u00e1ticas trouxeram, \u00e9 claro, percal\u00e7os importantes, mas incapazes de tirar o brilho e o sucesso da etapa\u201d, avalia Firmo Henrique Alves, CEO da Promox, promotora do MX1GP Brasil Sportbay.<\/p>\n\n\n\n<p class=\"wp-block-paragraph\">Nem a chuva e o frio afastaram o p\u00fablico, que lotou as arquibancadas, participou das ativa\u00e7\u00f5es das marcas anunciantes e visitou as lojas instaladas no parque. Conforme estimativa das autoridades, cerca de 10 mil pessoas marcaram presen\u00e7a no local ao longo dos dois dias de competi\u00e7\u00e3o. No domingo, mesmo ap\u00f3s o t\u00e9rmino das baterias oficiais, permaneceram para usufruir do espa\u00e7o, tirando fotos e pedindo aut\u00f3grafos aos pilotos.<\/p>\n\n\n\n<p class=\"wp-block-paragraph\">Al\u00e9m de fomentar a economia local, com a lota\u00e7\u00e3o da rede hoteleira e o impulsionamento do com\u00e9rcio e do turismo, o evento tamb\u00e9m trouxe como benef\u00edcio o elemento solidariedade. A entrada teve cobran\u00e7a simb\u00f3lica de 2 quilos de alimentos, que ser\u00e3o destinados a entidades do munic\u00edpio.<\/p>\n\n\n\n<p class=\"wp-block-paragraph\"><strong>MX1GP Brasil rumo ao Centro-Oeste do pa\u00eds<\/strong><\/p>\n\n\n\n<p class=\"wp-block-paragraph\">Compromissada com o desenvolvimento econ\u00f4mico das cidades promotoras e com a log\u00edstica dos participantes da competi\u00e7\u00e3o, a Promox encaixou dois eventos de forma consecutiva nos Campos Gerais do Paran\u00e1: Ponta Grossa e Castro. Antes disso, abriu a temporada em Canelinha, no litoral norte de Santa Catarina.<\/p>\n\n\n\n<p class=\"wp-block-paragraph\">Agora, se despede do Sul e sobe para outras regi\u00f5es do pa\u00eds. \u201cO Brasil tem dimens\u00f5es continentais, ent\u00e3o procuramos montar o calend\u00e1rio com uma log\u00edstica que vai passando pelas regi\u00f5es de forma cont\u00ednua. Por isso, iniciamos conectados no Sul antes de subir para o Centro-Oeste, Norte e Nordeste brasileiros\u201d, explica Firmo Henrique Alves.<\/p>\n\n\n\n<p class=\"wp-block-paragraph\">Desta forma, a pr\u00f3xima sede do maior campeonato da Am\u00e9rica Latina ser\u00e1 no Centro-Oeste, mais precisamente em Cuiab\u00e1, capital do Mato Grosso. A 4\u00aa etapa do MX1GP Brasil Sportbay 2026 ocorrer\u00e1 entre os dias 22 e 24 de maio, no Parque Novo Mato Grosso.<\/p>\n\n\n\n<figure class=\"wp-block-gallery has-nested-images columns-default is-cropped wp-block-gallery-1 is-layout-flex wp-block-gallery-is-layout-flex\">\n<figure class=\"wp-block-image size-large\"><img decoding=\"async\" data-id=\"72656\" src=\"https:\/\/mx1gpbrasil.com.br\/wp-content\/uploads\/2026\/05\/IMG_2554-1-1024x683.jpg\" alt=\"\" class=\"wp-image-72656\"\/><\/figure>\n\n\n\n<figure class=\"wp-block-image size-large\"><img decoding=\"async\" data-id=\"72657\" src=\"https:\/\/mx1gpbrasil.com.br\/wp-content\/uploads\/2026\/05\/IMG_2480-1-1024x683.jpg\" alt=\"\" class=\"wp-image-72657\"\/><\/figure>\n\n\n\n<figure class=\"wp-block-image size-large\"><img decoding=\"async\" data-id=\"72658\" src=\"https:\/\/mx1gpbrasil.com.br\/wp-content\/uploads\/2026\/05\/IMG_2260-1-1024x683.jpg\" alt=\"\" class=\"wp-image-72658\"\/><\/figure>\n\n\n\n<figure class=\"wp-block-image size-large\"><img decoding=\"async\" data-id=\"72660\" src=\"https:\/\/mx1gpbrasil.com.br\/wp-content\/uploads\/2026\/05\/ALVM2073-2-1024x683.jpg\" alt=\"\" class=\"wp-image-72660\"\/><\/figure>\n\n\n\n<figure class=\"wp-block-image size-large\"><img decoding=\"async\" data-id=\"72661\" src=\"https:\/\/mx1gpbrasil.com.br\/wp-content\/uploads\/2026\/05\/ALVM2066-1-1024x683.jpg\" alt=\"\" class=\"wp-image-72661\"\/><\/figure>\n\n\n\n<figure class=\"wp-block-image size-large\"><img decoding=\"async\" data-id=\"72662\" src=\"https:\/\/mx1gpbrasil.com.br\/wp-content\/uploads\/2026\/05\/ALVM1773-1024x683.jpg\" alt=\"\" class=\"wp-image-72662\"\/><\/figure>\n\n\n\n<figure class=\"wp-block-image size-large\"><img decoding=\"async\" data-id=\"72663\" src=\"https:\/\/mx1gpbrasil.com.br\/wp-content\/uploads\/2026\/05\/ALVM1738-1024x683.jpg\" alt=\"\" class=\"wp-image-72663\"\/><\/figure>\n\n\n\n<figure class=\"wp-block-image size-large\"><img decoding=\"async\" data-id=\"72668\" src=\"https:\/\/mx1gpbrasil.com.br\/wp-content\/uploads\/2026\/05\/ALVM1544-1-1024x683.jpg\" alt=\"\" class=\"wp-image-72668\"\/><\/figure>\n\n\n\n<figure class=\"wp-block-image size-large\"><img decoding=\"async\" data-id=\"72667\" src=\"https:\/\/mx1gpbrasil.com.br\/wp-content\/uploads\/2026\/05\/ALVM1605-683x1024.jpg\" alt=\"\" class=\"wp-image-72667\"\/><\/figure>\n\n\n\n<figure class=\"wp-block-image size-large\"><img decoding=\"async\" data-id=\"72666\" src=\"https:\/\/mx1gpbrasil.com.br\/wp-content\/uploads\/2026\/05\/ALVM1607-1024x683.jpg\" alt=\"\" class=\"wp-image-72666\"\/><\/figure>\n\n\n\n<figure class=\"wp-block-image size-large\"><img decoding=\"async\" data-id=\"72665\" src=\"https:\/\/mx1gpbrasil.com.br\/wp-content\/uploads\/2026\/05\/ALVM1649-768x1024.jpg\" alt=\"\" class=\"wp-image-72665\"\/><\/figure>\n\n\n\n<figure class=\"wp-block-image size-large\"><img decoding=\"async\" data-id=\"72664\" src=\"https:\/\/mx1gpbrasil.com.br\/wp-content\/uploads\/2026\/05\/ALVM1692-1024x683.jpg\" alt=\"\" class=\"wp-image-72664\"\/><\/figure>\n<\/figure>\n\n\n\n<p class=\"wp-block-paragraph\"><strong><em>Texto: Ed Moreira&nbsp;<\/em><\/strong><em>\u2013 Jornalista MX1GP Brasil<\/em><\/p>\n","protected":false},"excerpt":{"rendered":"<p>Os Campos Gerais do Paran\u00e1 aparentam ter a receita do sucesso para grandes eventos. Uma semana ap\u00f3s Ponta Grossa, a cidade de Castro \u201cabriu as portas\u201d para o MX1GP Brasil Sportbay 2026. A hospitalidade do seu povo conquistou staff, pilotos, equipes, fam\u00edlias e apaixonados por motociclismo de diversas regi\u00f5es do pa\u00eds, que se instalaram durante [&hellip;]<\/p>\n","protected":false},"author":1,"featured_media":72669,"comment_status":"closed","ping_status":"open","sticky":false,"template":"","format":"standard","meta":{"footnotes":""},"categories":[133],"tags":[],"class_list":["post-72645","post","type-post","status-publish","format-standard","has-post-thumbnail","hentry","category-motocross"],"_links":{"self":[{"href":"https:\/\/mx1gpbrasil.alperprojetos.com.br\/index.php\/wp-json\/wp\/v2\/posts\/72645","targetHints":{"allow":["GET"]}}],"collection":[{"href":"https:\/\/mx1gpbrasil.alperprojetos.com.br\/index.php\/wp-json\/wp\/v2\/posts"}],"about":[{"href":"https:\/\/mx1gpbrasil.alperprojetos.com.br\/index.php\/wp-json\/wp\/v2\/types\/post"}],"author":[{"embeddable":true,"href":"https:\/\/mx1gpbrasil.alperprojetos.com.br\/index.php\/wp-json\/wp\/v2\/users\/1"}],"replies":[{"embeddable":true,"href":"https:\/\/mx1gpbrasil.alperprojetos.com.br\/index.php\/wp-json\/wp\/v2\/comments?post=72645"}],"version-history":[{"count":0,"href":"https:\/\/mx1gpbrasil.alperprojetos.com.br\/index.php\/wp-json\/wp\/v2\/posts\/72645\/revisions"}],"wp:featuredmedia":[{"embeddable":true,"href":"https:\/\/mx1gpbrasil.alperprojetos.com.br\/index.php\/wp-json\/wp\/v2\/media\/72669"}],"wp:attachment":[{"href":"https:\/\/mx1gpbrasil.alperprojetos.com.br\/index.php\/wp-json\/wp\/v2\/media?parent=72645"}],"wp:term":[{"taxonomy":"category","embeddable":true,"href":"https:\/\/mx1gpbrasil.alperprojetos.com.br\/index.php\/wp-json\/wp\/v2\/categories?post=72645"},{"taxonomy":"post_tag","embeddable":true,"href":"https:\/\/mx1gpbrasil.alperprojetos.com.br\/index.php\/wp-json\/wp\/v2\/tags?post=72645"}],"curies":[{"name":"wp","href":"https:\/\/api.w.org\/{rel}","templated":true}]}}