{"id":72674,"date":"2026-05-07T15:57:14","date_gmt":"2026-05-07T18:57:14","guid":{"rendered":"https:\/\/mx1gpbrasil.com.br\/?p=72674"},"modified":"2026-05-07T15:57:14","modified_gmt":"2026-05-07T18:57:14","slug":"credenciamento-de-imprensa-para-a-4a-etapa-do-mx1-gp-brasil-sportbay-em-cuiaba-mt-esta-aberto","status":"publish","type":"post","link":"https:\/\/mx1gpbrasil.alperprojetos.com.br\/index.php\/2026\/05\/07\/credenciamento-de-imprensa-para-a-4a-etapa-do-mx1-gp-brasil-sportbay-em-cuiaba-mt-esta-aberto\/","title":{"rendered":"Credenciamento de imprensa para a 4\u00aa etapa do MX1 GP Brasil Sportbay em Cuiab\u00e1\/MT, est\u00e1 aberto"},"content":{"rendered":"\n<p class=\"wp-block-paragraph\">Os profissionais de imprensa interessados em cobrir a 4\u00aa etapa do MX1 GP Brasil Sportbay j\u00e1 podem solicitar credenciamento para o evento, que ser\u00e1 realizado em Cuiab\u00e1 (MT), nos dias 22 e 23 de maio. O prazo para inscri\u00e7\u00e3o segue aberto at\u00e9 o dia 14 de maio, \u00e0s 18h, no link: <a href=\"https:\/\/forms.gle\/xpNFfVsmdr24repu7\" type=\"link\" id=\"https:\/\/forms.gle\/xpNFfVsmdr24repu7\">https:\/\/forms.gle\/xpNFfVsmdr24repu7<\/a><\/p>\n\n\n\n<p class=\"wp-block-paragraph\">A etapa integra uma das principais competi\u00e7\u00f5es do motocross nacional e deve reunir pilotos de destaque do cen\u00e1rio brasileiro e mundial al\u00e9m de equipes, patrocinadores e grande p\u00fablico apaixonado pelo esporte off-road.<\/p>\n\n\n\n<p class=\"wp-block-paragraph\">O credenciamento \u00e9 destinado a jornalistas, fot\u00f3grafos, cinegrafistas e demais profissionais da comunica\u00e7\u00e3o que atuar\u00e3o na cobertura oficial da prova. A organiza\u00e7\u00e3o destaca que o envio da solicita\u00e7\u00e3o dentro do prazo \u00e9 obrigat\u00f3rio para an\u00e1lise e aprova\u00e7\u00e3o do acesso \u00e0s \u00e1reas destinadas \u00e0 imprensa e refor\u00e7a que n\u00e3o s\u00e3o aceitas solicita\u00e7\u00f5es ap\u00f3s o encerramento do prazo.<\/p>\n\n\n\n<p class=\"wp-block-paragraph\">A expectativa para a etapa em Cuiab\u00e1 \u00e9 de disputas intensas nas principais categorias, movimentando pilotos de v\u00e1rias regi\u00f5es do pa\u00eds em uma pista preparada para receber alto n\u00edvel t\u00e9cnico e grande presen\u00e7a de p\u00fablico.<\/p>\n\n\n\n<p class=\"wp-block-paragraph\">Mais informa\u00e7\u00f5es sobre o processo de credenciamento e programa\u00e7\u00e3o oficial devem ser divulgadas pelos canais oficiais do campeonato.<\/p>\n","protected":false},"excerpt":{"rendered":"<p>Os profissionais de imprensa interessados em cobrir a 4\u00aa etapa do MX1 GP Brasil Sportbay j\u00e1 podem solicitar credenciamento para o evento, que ser\u00e1 realizado em Cuiab\u00e1 (MT), nos dias 22 e 23 de maio. O prazo para inscri\u00e7\u00e3o segue aberto at\u00e9 o dia 14 de maio, \u00e0s 18h, no link: https:\/\/forms.gle\/xpNFfVsmdr24repu7 A etapa integra [&hellip;]<\/p>\n","protected":false},"author":1,"featured_media":72676,"comment_status":"closed","ping_status":"open","sticky":false,"template":"","format":"standard","meta":{"footnotes":""},"categories":[133],"tags":[],"class_list":["post-72674","post","type-post","status-publish","format-standard","has-post-thumbnail","hentry","category-motocross"],"_links":{"self":[{"href":"https:\/\/mx1gpbrasil.alperprojetos.com.br\/index.php\/wp-json\/wp\/v2\/posts\/72674","targetHints":{"allow":["GET"]}}],"collection":[{"href":"https:\/\/mx1gpbrasil.alperprojetos.com.br\/index.php\/wp-json\/wp\/v2\/posts"}],"about":[{"href":"https:\/\/mx1gpbrasil.alperprojetos.com.br\/index.php\/wp-json\/wp\/v2\/types\/post"}],"author":[{"embeddable":true,"href":"https:\/\/mx1gpbrasil.alperprojetos.com.br\/index.php\/wp-json\/wp\/v2\/users\/1"}],"replies":[{"embeddable":true,"href":"https:\/\/mx1gpbrasil.alperprojetos.com.br\/index.php\/wp-json\/wp\/v2\/comments?post=72674"}],"version-history":[{"count":0,"href":"https:\/\/mx1gpbrasil.alperprojetos.com.br\/index.php\/wp-json\/wp\/v2\/posts\/72674\/revisions"}],"wp:featuredmedia":[{"embeddable":true,"href":"https:\/\/mx1gpbrasil.alperprojetos.com.br\/index.php\/wp-json\/wp\/v2\/media\/72676"}],"wp:attachment":[{"href":"https:\/\/mx1gpbrasil.alperprojetos.com.br\/index.php\/wp-json\/wp\/v2\/media?parent=72674"}],"wp:term":[{"taxonomy":"category","embeddable":true,"href":"https:\/\/mx1gpbrasil.alperprojetos.com.br\/index.php\/wp-json\/wp\/v2\/categories?post=72674"},{"taxonomy":"post_tag","embeddable":true,"href":"https:\/\/mx1gpbrasil.alperprojetos.com.br\/index.php\/wp-json\/wp\/v2\/tags?post=72674"}],"curies":[{"name":"wp","href":"https:\/\/api.w.org\/{rel}","templated":true}]}}