{"id":72694,"date":"2026-05-23T11:16:08","date_gmt":"2026-05-23T14:16:08","guid":{"rendered":"https:\/\/mx1gpbrasil.com.br\/?p=72694"},"modified":"2026-05-23T11:16:08","modified_gmt":"2026-05-23T14:16:08","slug":"provas-noturnas-marcam-primeiro-dia-de-provas-da-4a-etapa-do-mx1gp-brasil-sportbay","status":"publish","type":"post","link":"https:\/\/mx1gpbrasil.alperprojetos.com.br\/index.php\/2026\/05\/23\/provas-noturnas-marcam-primeiro-dia-de-provas-da-4a-etapa-do-mx1gp-brasil-sportbay\/","title":{"rendered":"Provas noturnas marcam primeiro dia de provas da 4\u00aa etapa do MX1GP Brasil Sportbay"},"content":{"rendered":"\n<p class=\"wp-block-paragraph\">O maior campeonato de motocross da Am\u00e9rica Latina chegou ao centro-oeste do pa\u00eds em uma infraestrutura \u00e0 sua altura, o Parque Novo Mato Grosso, em Cuiab\u00e1-MT. O grandioso e moderno local recebe, neste fim de semana, as primeiras provas noturnas dos \u00faltimos anos do campeonato nacional. Neste cen\u00e1rio e diante de cerca de 5 mil pessoas, teve in\u00edcio a 4\u00aa etapa do MX1GP Brasil Sportbay 2026.<\/p>\n\n\n\n<p class=\"wp-block-paragraph\">Da manh\u00e3 at\u00e9 a noite desta sexta-feira, 22 de maio, cerca de 200 pilotos entraram na pista. Entre baterias oficiais e classificat\u00f3rias, dez largadas levaram emo\u00e7\u00e3o \u00e0s arquibancadas, com direito a duas invencibilidades mantidas e provas noturnas emocionantes. Foram disputadas as classes 50cc, 65cc, YZ125, MX2JR e MX3 (abaixo, confira o resumo e os resultados das provas).<\/p>\n\n\n\n<p class=\"wp-block-paragraph\">A etapa de Cuiab\u00e1 tem continuidade neste s\u00e1bado, 23 de maio, com a disputa das classes MX1, MX2, MX4 e MXJR. Os treinos livres come\u00e7am as 10h30, seguidos de cronometrados e provas classificat\u00f3rias. As corridas oficiais come\u00e7am \u00e0s 15h, se estendo at\u00e9 a noite.<\/p>\n\n\n\n<p class=\"wp-block-paragraph\"><strong>YZ125<br><\/strong>A tarde foi aberta com a classe monomarca. De ponta a ponta, Zion Berchtold conquistou sua primeira vit\u00f3ria geral na YZ 125. O catarinense dividiu a primeira curva com seu conterr\u00e2neo Lorenzo Ricken e, a partir disso, ditou o ritmo de prova at\u00e9 a quadriculada. Enquanto isso, Heverton Silveira e Victor Hugo da Rocha subiram o pelot\u00e3o para ser os protagonistas da IMS YZ125 BLU CRU Cup.<\/p>\n\n\n\n<p class=\"wp-block-paragraph\"><strong>Resultados<br>YZ 125 Geral<\/strong><br><strong>1\u00ba Zion Berchtold<\/strong>&nbsp;\u2013 BRA <strong><br>2\u00ba Heverton Silveira dos Santos<\/strong>&nbsp;\u2013 BRA<strong><br>3\u00ba Victor Hugo da Rocha<\/strong>&nbsp;\u2013 BRA<strong><br>4\u00ba Lorenzo Ricken<\/strong> \u2013 BRA<br><strong>5\u00ba Pedro Guilherme Ferreira<\/strong> \u2013 BRA<\/p>\n\n\n\n<figure class=\"wp-block-image size-large\"><img decoding=\"async\" src=\"https:\/\/mx1gpbrasil.com.br\/wp-content\/uploads\/2026\/05\/IMG_5517-1-1024x683.jpg\" alt=\"\" class=\"wp-image-72696\"\/><\/figure>\n\n\n\n<p class=\"wp-block-paragraph\"><strong>IMS YZ125 BLU CRU Cup<\/strong><br><strong>1\u00ba Heverton Silveira dos Santos<\/strong>&nbsp;\u2013 BRA<strong><br>2\u00ba Victor Hugo da Rocha<\/strong>&nbsp;\u2013 BRA<strong><br>3\u00ba Pedro Guilherme Ferreira<\/strong> \u2013 BRA<br><strong>4\u00ba Miguel Boer -|<\/strong> BRA<br><strong>5\u00ba Jo\u00e3o Vitor Pereira <\/strong>&#8211; BRA<\/p>\n\n\n\n<p class=\"wp-block-paragraph\"><strong>YZ 125<br>1\u00ba Zion Berchtold<\/strong>&nbsp;\u2013 BRA<br><strong>2\u00ba Lorenzo Ricken<\/strong> \u2013 BRA<br><strong>3\u00ba Heitor Matos<\/strong> \u2013 BRA<br><strong>4\u00ba Henri Krug<\/strong>&nbsp;\u2013 BRA<br><strong>5\u00ba Caio Tib\u00farcio<\/strong>&nbsp;\u2013 BRA<\/p>\n\n\n\n<p class=\"wp-block-paragraph\"><strong><br>50cc<br><\/strong>Jo\u00e3o Manoel Prado e Vitor Novelli fizeram grande largada, ao contr\u00e1rio dos l\u00edderes Tomas Aguila e Enzo Wiebbelling, que passaram a escalar o pelot\u00e3o. O chileno acumulou ultrapassagens at\u00e9 a vit\u00f3ria, para manter o 100% de aproveitamento. O respons\u00e1vel pelo holeshot salvou um p\u00f3dio, ficando em 5\u00ba.<br><br><strong>P\u00f3dio<br>1\u00ba Tomas Aguila&nbsp;\u2013<\/strong> CHI (Sagae Team)<strong><br>2\u00ba Jo\u00e3o Barbosa Pereira <\/strong>\u2013 BRA<br><strong>3\u00ba<\/strong> <strong>Enzinho Wiebbelling&nbsp;<\/strong>\u2013 BRA (Maguila MX School)<strong><br>4\u00ba Luiz Felype Fiorese da Silva <\/strong>\u2013 BRA<br><strong>5\u00ba Jo\u00e3o Manoel Prado&nbsp;<\/strong>\u2013 BRA<\/p>\n\n\n\n<figure class=\"wp-block-image size-large\"><img decoding=\"async\" src=\"https:\/\/mx1gpbrasil.com.br\/wp-content\/uploads\/2026\/05\/IMG_5399-1024x683.jpg\" alt=\"\" class=\"wp-image-72697\"\/><\/figure>\n\n\n\n<p class=\"wp-block-paragraph\"><strong><br>MX2JR<br><\/strong>Caracterizada por entregar emo\u00e7\u00e3o e disputas do in\u00edcio ao fim, a categoria ficou ainda mais eletrizante quando mais de 30 pilotos largaram para a primeira prova noturna a temporada. Alessandro Duarte fez o holeshot, por\u00e9m foi rapidamente ultrapassado por Arthur Gomes e, posteriormente, pelo pelot\u00e3o principal.<\/p>\n\n\n\n<p class=\"wp-block-paragraph\">O l\u00edder suportou a press\u00e3o de Kau\u00e3 Vieira, que caiu ao tentar ultrapassar. C\u00e9sar Aponte fez prova de recupera\u00e7\u00e3o, acumulou ultrapassagens e for\u00e7ou sobre o l\u00edder, ficando em 2\u00ba com menos de um segundo atr\u00e1s de seu companheiro de equipe \u2013 perdendo sua invencibilidade na competi\u00e7\u00e3o.<\/p>\n\n\n\n<p class=\"wp-block-paragraph\"><strong>P\u00f3dio<br>1\u00ba Arthur Gomes \u2013 <\/strong>BRA (JP Pro Honda Baterias Pioneiro)<br><strong>2\u00ba<\/strong> <strong>Cesar Aponte<\/strong>&nbsp;\u2013 VEN (JP Pro Honda Baterias Pioneiro) &nbsp;<br><strong>3\u00ba Jos\u00e9 Morera<\/strong>&nbsp;\u2013 VEN (Belco Racing)<br><strong>4\u00ba<\/strong> <strong>Kau\u00e3 Vieira \u2013 <\/strong>BRA (FK Rinaldi Kawasaki Brasil)<strong><br>5\u00ba Juan Felipe Garcia<\/strong>&nbsp;\u2013 ARG (Yamaha 101 M78)<\/p>\n\n\n\n<figure class=\"wp-block-image size-large\"><img decoding=\"async\" src=\"https:\/\/mx1gpbrasil.com.br\/wp-content\/uploads\/2026\/05\/IMG_6389-1024x683.jpg\" alt=\"\" class=\"wp-image-72699\"\/><\/figure>\n\n\n\n<p class=\"wp-block-paragraph\"><strong>65cc<br><\/strong>A disputa, mais uma vez, se centralizou entre os companheiros de Belco Racing, Arthur Lorenzo e Henrique Spinasse, que duelam ponto a ponto pelo t\u00edtulo da categoria. Spinasse fez o holeshot, mas foi ultrapassado por Arthur. Ao tentar recuperar a posi\u00e7\u00e3o, caiu e saiu da briga pela vit\u00f3ria. Desta forma, vantagem ampliada para Arthur na lideran\u00e7a da categoria.<\/p>\n\n\n\n<p class=\"wp-block-paragraph\"><strong>P\u00f3dio<\/strong><br><strong>1\u00ba Arthur Lorenzo<\/strong>&nbsp;\u2013 BRA (Belco Racing)<br><strong>2\u00ba Henrique Spinass\u00e9<\/strong>&nbsp;\u2013 BRA (Belco Racing)<br><strong>3\u00ba Vitor Brito <\/strong>\u2013 BRA<strong><br>4\u00ba Julio Alberto Plaza <\/strong>&#8211; BRA<strong><br>5\u00ba Bem Sagae\u2013<\/strong> BRA (Sagae Team)<\/p>\n\n\n\n<figure class=\"wp-block-image size-large\"><img decoding=\"async\" src=\"https:\/\/mx1gpbrasil.com.br\/wp-content\/uploads\/2026\/05\/IMG_6509-1024x683.jpg\" alt=\"\" class=\"wp-image-72698\"\/><\/figure>\n\n\n\n<p class=\"wp-block-paragraph\"><strong>MX3<\/strong><\/p>\n\n\n\n<p class=\"wp-block-paragraph\">Atual campe\u00e3o, Anderson Amaral encaixou a largada e fez o holeshot. Ainda na primeira volta, entretanto, foi ultrapassado por Caio Lopes, que ditou o ritmo de prova e venceu com mais de 50 segundos de vantagem. Amaral trocou posi\u00e7\u00f5es com Diego Henning, que sofreu uma forte queda nas \u00faltimas voltas e, por isso, comprometeu o p\u00f3dio \u2013 completado por Cleiton Borges, Pedro Godoy e Lucas Fras\u00e3o.<\/p>\n\n\n\n<p class=\"wp-block-paragraph\"><strong>P\u00f3dio<br>1\u00ba Caio Lopes<\/strong>&nbsp;\u2013 BRA (HQT Racing)<br><strong>2\u00ba Anderson Amaral <\/strong>\u2013 BRA (Belco Racing)<strong><br>3\u00ba Cleiton Borges<\/strong> \u2013 BRA<br><strong>4\u00ba Pedro Godoy <\/strong>\u2013 BRA (Kawasaki Factory Brasil)<strong><br>5\u00ba Lucas Fras\u00e3o<\/strong>&nbsp;\u2013 BRA<\/p>\n\n\n\n<figure class=\"wp-block-image size-large\"><img decoding=\"async\" src=\"https:\/\/mx1gpbrasil.com.br\/wp-content\/uploads\/2026\/05\/IMG_6613-1024x683.jpg\" alt=\"\" class=\"wp-image-72701\"\/><\/figure>\n\n\n\n<p class=\"wp-block-paragraph\"><strong><em>Texto: Ed Moreira <\/em><\/strong><em>\u2013 Jornalista MX1GP Brasil<\/em><\/p>\n","protected":false},"excerpt":{"rendered":"<p>O maior campeonato de motocross da Am\u00e9rica Latina chegou ao centro-oeste do pa\u00eds em uma infraestrutura \u00e0 sua altura, o Parque Novo Mato Grosso, em Cuiab\u00e1-MT. O grandioso e moderno local recebe, neste fim de semana, as primeiras provas noturnas dos \u00faltimos anos do campeonato nacional. Neste cen\u00e1rio e diante de cerca de 5 mil [&hellip;]<\/p>\n","protected":false},"author":1,"featured_media":72696,"comment_status":"closed","ping_status":"open","sticky":false,"template":"","format":"standard","meta":{"footnotes":""},"categories":[133],"tags":[],"class_list":["post-72694","post","type-post","status-publish","format-standard","has-post-thumbnail","hentry","category-motocross"],"_links":{"self":[{"href":"https:\/\/mx1gpbrasil.alperprojetos.com.br\/index.php\/wp-json\/wp\/v2\/posts\/72694","targetHints":{"allow":["GET"]}}],"collection":[{"href":"https:\/\/mx1gpbrasil.alperprojetos.com.br\/index.php\/wp-json\/wp\/v2\/posts"}],"about":[{"href":"https:\/\/mx1gpbrasil.alperprojetos.com.br\/index.php\/wp-json\/wp\/v2\/types\/post"}],"author":[{"embeddable":true,"href":"https:\/\/mx1gpbrasil.alperprojetos.com.br\/index.php\/wp-json\/wp\/v2\/users\/1"}],"replies":[{"embeddable":true,"href":"https:\/\/mx1gpbrasil.alperprojetos.com.br\/index.php\/wp-json\/wp\/v2\/comments?post=72694"}],"version-history":[{"count":0,"href":"https:\/\/mx1gpbrasil.alperprojetos.com.br\/index.php\/wp-json\/wp\/v2\/posts\/72694\/revisions"}],"wp:featuredmedia":[{"embeddable":true,"href":"https:\/\/mx1gpbrasil.alperprojetos.com.br\/index.php\/wp-json\/wp\/v2\/media\/72696"}],"wp:attachment":[{"href":"https:\/\/mx1gpbrasil.alperprojetos.com.br\/index.php\/wp-json\/wp\/v2\/media?parent=72694"}],"wp:term":[{"taxonomy":"category","embeddable":true,"href":"https:\/\/mx1gpbrasil.alperprojetos.com.br\/index.php\/wp-json\/wp\/v2\/categories?post=72694"},{"taxonomy":"post_tag","embeddable":true,"href":"https:\/\/mx1gpbrasil.alperprojetos.com.br\/index.php\/wp-json\/wp\/v2\/tags?post=72694"}],"curies":[{"name":"wp","href":"https:\/\/api.w.org\/{rel}","templated":true}]}}