{"id":72719,"date":"2026-05-25T08:28:50","date_gmt":"2026-05-25T11:28:50","guid":{"rendered":"https:\/\/mx1gpbrasil.com.br\/?p=72719"},"modified":"2026-05-25T08:28:50","modified_gmt":"2026-05-25T11:28:50","slug":"vitorias-emocionantes-contagiam-milhares-de-pessoas-na-4a-etapa-do-mx1gp-brasil-em-cuiaba","status":"publish","type":"post","link":"https:\/\/mx1gpbrasil.alperprojetos.com.br\/index.php\/2026\/05\/25\/vitorias-emocionantes-contagiam-milhares-de-pessoas-na-4a-etapa-do-mx1gp-brasil-em-cuiaba\/","title":{"rendered":"Vit\u00f3rias emocionantes contagiam milhares de pessoas na 4\u00aa etapa do MX1GP Brasil, em Cuiab\u00e1"},"content":{"rendered":"\n<figure class=\"wp-block-image size-large\"><img decoding=\"async\" src=\"https:\/\/mx1gpbrasil.com.br\/wp-content\/uploads\/2026\/05\/IMG_7987-1024x683.jpg\" alt=\"\" class=\"wp-image-72720\"\/><\/figure>\n\n\n\n<p class=\"wp-block-paragraph\">O s\u00e1bado, 23 de maio, foi inesquec\u00edvel para todos os milhares de presentes no Parque Novo Mato Grosso, em Cuiab\u00e1\/MT. Das corridas classificat\u00f3rias at\u00e9 as oficiais, sobrou emo\u00e7\u00e3o nas quatro categorias disputadas no segundo dia de competi\u00e7\u00e3o da 4\u00aa etapa do MX1GP Brasil Sportbay 2026.<\/p>\n\n\n\n<p class=\"wp-block-paragraph\">Na tarde, o brilho ficou com os europeus Salvador Perez e Glenn Coldenhoff. O espanhol da MX2, inclusive, dominou tamb\u00e9m \u00e0 noite em sua categoria para ampliar sua lideran\u00e7a na competi\u00e7\u00e3o. Enzo Lopes respondeu na bateria final, para seguir com o red plate e vencer o quarto overral em quatro etapas. Ainda, Lorenzo Ricken e Jo\u00e3o Cardeli venceram pela primeira vez em suas classes <em>(abaixo, confira o resumo e os resultados das provas)<\/em>.<\/p>\n\n\n\n<p class=\"wp-block-paragraph\">Depois de chegar no Centro-Oeste, o MX1GP Brasil seguir\u00e1 subindo para outras regi\u00f5es do pa\u00eds. O pr\u00f3ximo encontro daqui duas semanas, entre os dias 5, 6 e 7 de junho, na cidade de Palmas, capital do Tocantins, no Norte do Brasil.<\/p>\n\n\n\n<p class=\"wp-block-paragraph\"><strong>MX1<\/strong><\/p>\n\n\n\n<p class=\"wp-block-paragraph\">Os roteiros foram similares nas duas baterias, por\u00e9m com vencedores distintos. F\u00e1bio Santos fez o holeshot em ambas e trocou ultrapassagens pela lideran\u00e7a no in\u00edcio, mas se deslocou do pelot\u00e3o &#8211; por diferentes motivos. Enzo Lopes e Jeremy Van Horebeek fizeram boas largadas e sempre estiveram no Top 3, enquanto Glenn Coldenhoff teve in\u00edcio intermedi\u00e1rio e acumulou ultrapassagem at\u00e9 brigar pela vit\u00f3ria.<\/p>\n\n\n\n<p class=\"wp-block-paragraph\">A bateria da tarde foi decidida nos minutos finais. Coldenhoff saiu de sexto para primeiro, com agressividade e belas ultrapassagens sobre Enzo e Horebeek. Na prova da noite, o holand\u00eas usou da mesma estrat\u00e9gia, por\u00e9m, desta vez, n\u00e3o conseguiu superar a dupla da Honda Racing. Desta forma, Enzo Lopes garantiu seu quarto \u201cOverall\u201d em quatro etapas, abrindo mais pontos na lideran\u00e7a. Coldenhoff e Horebeek ficaram logo atr\u00e1s, em p\u00f3dio completado por Guilherme Bresolin (5-5) e Gregory Aranda (4-7).<br><br>\u00a0<strong>P\u00f3dio<\/strong><br><strong>1\u00ba Enzo Lopes \u2013<\/strong> BRA (Honda Racing Brasil) \u2013 47 pontos<br><strong>2\u00ba Glenn Coldenhoff \u2013<\/strong> HOL (Yamaha C6 Bank IMS) \u2013 45 pontos<br><strong>3\u00ba Jeremy van Horebeek \u2013 <\/strong>BEL (Honda Racing Brasil) \u2013 40 pontos<strong><br>4\u00ba Guilherme Bresolin \u2013 <\/strong>BRA (Kawasaki Factory Brasil) \u2013 32 pontos<br><strong>5\u00ba Gregory Aranda \u2013<\/strong> FRA (595 Pro Tork KTM) \u2013 32 pontos<\/p>\n\n\n\n<figure class=\"wp-block-image size-large\"><img decoding=\"async\" src=\"https:\/\/mx1gpbrasil.com.br\/wp-content\/uploads\/2026\/05\/IMG_7953-1024x683.jpg\" alt=\"\" class=\"wp-image-72721\"\/><\/figure>\n\n\n\n<p class=\"wp-block-paragraph\"><strong>MX2<\/strong><\/p>\n\n\n\n<p class=\"wp-block-paragraph\">Salvador P\u00e9rez mostrou que a perda da invencibilidade em Castro n\u00e3o abalou seu rendimento na briga pelo t\u00edtulo. O hispano-brasileiro foi novamente dominante, vencendo as duas baterias com mais de 25 segundos de vantagem sobre o 2\u00ba colocado (Henrique Henicka e Garib, respectivamente).<\/p>\n\n\n\n<p class=\"wp-block-paragraph\">Garib teve sua primeira bateria comprometida por uma parada no pitlane, caindo de 2\u00ba para 5\u00ba, com terceiro no Overall. Henicka, por sua vez, foi 2\u00ba na noite e conquistou seu quarto p\u00f3dio na temporada, sendo o terceiro 2\u00ba colocado consecutivo. Lucas Dunka (4-4) e Pietro Piroli (3-5) completaram o p\u00f3dio.<\/p>\n\n\n\n<p class=\"wp-block-paragraph\"><strong>1\u00ba Salvador P\u00e9rez \u2013<\/strong> ESP\/BRA (Yamaha Monster Energy Gera\u00e7\u00e3o) \u2013 50 pontos<br><strong>2\u00ba Henrique Henicka \u2013<\/strong> BRA (595 Pro Tork KTM) \u2013 42 pontos<br><strong>3\u00ba Benjamin Garib \u2013 <\/strong>BRA (JP Pro Honda Baterias Pioneiro) \u2013 38 pontos<br><strong>4\u00ba Lucas Dunka \u2013<\/strong> BRA (Kawasaki Factory Brasil) \u2013 36 pontos<br><strong>5\u00ba Pietro Piroli \u2013<\/strong> BRA (Honda Racing Brasil) \u2013 36 pontos<\/p>\n\n\n\n<figure class=\"wp-block-image size-large\"><img decoding=\"async\" src=\"https:\/\/mx1gpbrasil.com.br\/wp-content\/uploads\/2026\/05\/IMG_7753-1024x683.jpg\" alt=\"\" class=\"wp-image-72722\"\/><\/figure>\n\n\n\n<p class=\"wp-block-paragraph\"><strong>MX4<\/strong><\/p>\n\n\n\n<p class=\"wp-block-paragraph\">O holeshot foi de Roosevelt Assun\u00e7\u00e3o, que se tornou um personagem da classe ap\u00f3s sofrer uma forte queda ainda na primeira curva. O piloto da FK Racing, entretanto, seguiu e escalou o pelot\u00e3o at\u00e9 se aproximar dos l\u00edderes, os companheiros de equipe Daniel \u201cFederal\u201d Pessanha e Jo\u00e3o Cardeli, que tamb\u00e9m trocaram posi\u00e7\u00f5es.<\/p>\n\n\n\n<p class=\"wp-block-paragraph\">No fim, Cardeli superou Federal e n\u00e3o deu chances para ser atacado por Roosevelt, que salvou um celebrado 2\u00ba lugar. Foi a primeira vit\u00f3ria em brasileiro de motocross da carreira de Cardeli, raz\u00e3o pelo qual n\u00e3o economizou euforia na comemora\u00e7\u00e3o. As outras duas vagas no p\u00f3dio foram definidas em uma disputa divertida entre Felipe Trevisan, Rodrigo Galiotto e Anderson Chupel.<\/p>\n\n\n\n<p class=\"wp-block-paragraph\"><strong>P\u00f3dio<br>1\u00ba Jo\u00e3o Vitor Cardeli <\/strong>\u2013 BRA (Belco Racing)<br><strong>2\u00ba Roosevelt Assun\u00e7\u00e3o<\/strong>&nbsp;\u2013 BRA (FK Rinaldi Kawasaki Brasil)<br><strong>3\u00ba Daniel \u201cFederal\u201d Pessanha<\/strong>&nbsp;\u2013 BRA (Belco Racing)<br><strong>4\u00ba Felipe Trevisan<\/strong>&nbsp;\u2013 BRA<br><strong>5\u00ba Rodrigo Galiotto <\/strong>\u2013 BRA<\/p>\n\n\n\n<figure class=\"wp-block-image size-large\"><img decoding=\"async\" src=\"https:\/\/mx1gpbrasil.com.br\/wp-content\/uploads\/2026\/05\/IMG_7221-1024x683.jpg\" alt=\"\" class=\"wp-image-72723\"\/><\/figure>\n\n\n\n<p class=\"wp-block-paragraph\"><strong>MXJR<\/strong><\/p>\n\n\n\n<p class=\"wp-block-paragraph\">A multid\u00e3o foi ao \u00eaxtase com uma corrida intensa do in\u00edcio ao fim. Zion Berchtold fez o holeshot e travou um grande duelo com seu conterr\u00e2neo catarinense Lorenzo Ricken, que assumiu a lideran\u00e7a. Heitor Mattos tamb\u00e9m se aproximou de Zion, por\u00e9m sofreu uma dura queda e comprometeu sua presen\u00e7a no p\u00f3dio. Nas \u00faltimas duas voltas, os catarinenses voltaram a se aproximar, por\u00e9m Lorenzo n\u00e3o cometeu erros para conquistar sua primeira vit\u00f3ria na MXJR.<\/p>\n\n\n\n<p class=\"wp-block-paragraph\"><strong>P\u00f3dio<br>1\u00ba Lorenzo Ricken<\/strong>&nbsp;\u2013 BRA<br><strong>2\u00ba Zion Berchtold<\/strong>&nbsp;\u2013 BRA (Belco Racing)<br><strong>3\u00ba Anthony Piroli <\/strong>\u2013 BRA<br><strong>4\u00ba Victor Hugo da Rocha<\/strong>&nbsp;\u2013 BRA (Yamaha C6 Bank IMS)<br><strong>5\u00ba Henri Krug <\/strong>\u2013 BRA (101 M78 Blu Cru Junior Team)<\/p>\n\n\n\n<figure class=\"wp-block-image size-large\"><img decoding=\"async\" src=\"https:\/\/mx1gpbrasil.com.br\/wp-content\/uploads\/2026\/05\/IMG_7295-1024x683.jpg\" alt=\"\" class=\"wp-image-72724\"\/><\/figure>\n\n\n\n<p class=\"wp-block-paragraph\"><strong><em>Texto: Ed Moreira <\/em><\/strong><em>\u2013 Jornalista MX1GP Brasil<\/em><\/p>\n\n\n\n<p class=\"wp-block-paragraph\"><\/p>\n","protected":false},"excerpt":{"rendered":"<p>O s\u00e1bado, 23 de maio, foi inesquec\u00edvel para todos os milhares de presentes no Parque Novo Mato Grosso, em Cuiab\u00e1\/MT. Das corridas classificat\u00f3rias at\u00e9 as oficiais, sobrou emo\u00e7\u00e3o nas quatro categorias disputadas no segundo dia de competi\u00e7\u00e3o da 4\u00aa etapa do MX1GP Brasil Sportbay 2026. Na tarde, o brilho ficou com os europeus Salvador Perez [&hellip;]<\/p>\n","protected":false},"author":1,"featured_media":72720,"comment_status":"closed","ping_status":"open","sticky":false,"template":"","format":"standard","meta":{"footnotes":""},"categories":[133],"tags":[],"class_list":["post-72719","post","type-post","status-publish","format-standard","has-post-thumbnail","hentry","category-motocross"],"_links":{"self":[{"href":"https:\/\/mx1gpbrasil.alperprojetos.com.br\/index.php\/wp-json\/wp\/v2\/posts\/72719","targetHints":{"allow":["GET"]}}],"collection":[{"href":"https:\/\/mx1gpbrasil.alperprojetos.com.br\/index.php\/wp-json\/wp\/v2\/posts"}],"about":[{"href":"https:\/\/mx1gpbrasil.alperprojetos.com.br\/index.php\/wp-json\/wp\/v2\/types\/post"}],"author":[{"embeddable":true,"href":"https:\/\/mx1gpbrasil.alperprojetos.com.br\/index.php\/wp-json\/wp\/v2\/users\/1"}],"replies":[{"embeddable":true,"href":"https:\/\/mx1gpbrasil.alperprojetos.com.br\/index.php\/wp-json\/wp\/v2\/comments?post=72719"}],"version-history":[{"count":0,"href":"https:\/\/mx1gpbrasil.alperprojetos.com.br\/index.php\/wp-json\/wp\/v2\/posts\/72719\/revisions"}],"wp:featuredmedia":[{"embeddable":true,"href":"https:\/\/mx1gpbrasil.alperprojetos.com.br\/index.php\/wp-json\/wp\/v2\/media\/72720"}],"wp:attachment":[{"href":"https:\/\/mx1gpbrasil.alperprojetos.com.br\/index.php\/wp-json\/wp\/v2\/media?parent=72719"}],"wp:term":[{"taxonomy":"category","embeddable":true,"href":"https:\/\/mx1gpbrasil.alperprojetos.com.br\/index.php\/wp-json\/wp\/v2\/categories?post=72719"},{"taxonomy":"post_tag","embeddable":true,"href":"https:\/\/mx1gpbrasil.alperprojetos.com.br\/index.php\/wp-json\/wp\/v2\/tags?post=72719"}],"curies":[{"name":"wp","href":"https:\/\/api.w.org\/{rel}","templated":true}]}}