{"id":72726,"date":"2026-05-25T15:02:25","date_gmt":"2026-05-25T18:02:25","guid":{"rendered":"https:\/\/mx1gpbrasil.com.br\/?p=72726"},"modified":"2026-05-25T15:02:25","modified_gmt":"2026-05-25T18:02:25","slug":"categorias-afetadas-pelo-temporal-na-3a-etapa-em-castro-ganham-novas-datas-no-calendario-do-mx1-gp-brasil-sportbay","status":"publish","type":"post","link":"https:\/\/mx1gpbrasil.alperprojetos.com.br\/index.php\/2026\/05\/25\/categorias-afetadas-pelo-temporal-na-3a-etapa-em-castro-ganham-novas-datas-no-calendario-do-mx1-gp-brasil-sportbay\/","title":{"rendered":"Categorias afetadas pelo temporal na 3\u00aa etapa em Castro ganham novas datas no calend\u00e1rio do MX1 GP Brasil Sportbay"},"content":{"rendered":"\n<p class=\"wp-block-paragraph\">A organiza\u00e7\u00e3o do MX1 GP Brasil Sportbay anuncia oficialmente a readequa\u00e7\u00e3o das categorias que n\u00e3o puderam ser realizadas durante a 3\u00aa etapa do campeonato, disputada em Castro\/PR. As provas haviam sido inicialmente canceladas em raz\u00e3o do forte temporal que atingiu o circuito durante o evento, comprometendo as condi\u00e7\u00f5es de pista a seguran\u00e7a para pilotos, equipes e p\u00fablico presente al\u00e9m de danificar seriamente as estruturas.<\/p>\n\n\n\n<p class=\"wp-block-paragraph\">Ap\u00f3s an\u00e1lises realizadas nos \u00faltimos dias, a Promox Brasil, promotora do campeonato, em conjunto com a Confedera\u00e7\u00e3o Brasileira de Motociclismo (CBM), definiu um novo planejamento esportivo para garantir que as categorias afetadas consigam concluir a quantidade necess\u00e1ria de etapas.<\/p>\n\n\n\n<p class=\"wp-block-paragraph\">A decis\u00e3o foi tomada considerando principalmente o compromisso com os pilotos e equipes que disputam o campeonato desde o in\u00edcio do ano, evitando preju\u00edzos t\u00e9cnicos e esportivos relacionados \u00e0 pontua\u00e7\u00e3o do campeonato.<\/p>\n\n\n\n<p class=\"wp-block-paragraph\">Com isso, as categorias que n\u00e3o aconteceram em Castro ser\u00e3o redistribu\u00eddas ao longo das pr\u00f3ximas etapas do calend\u00e1rio, respeitando a log\u00edstica do campeonato e a melhor adapta\u00e7\u00e3o dentro da programa\u00e7\u00e3o oficial de cada evento.<\/p>\n\n\n\n<p class=\"wp-block-paragraph\">Entre as mudan\u00e7as confirmadas, as categorias MXF e MX5 passam a integrar a programa\u00e7\u00e3o da 5\u00aa etapa, em Palmas\/TO. J\u00e1 a YZ125, MX2JR e a segunda bateria da MX1\/MX2 ser\u00e3o disputadas na 6\u00aa etapa, em Goi\u00e2nia\/GO. As categorias MX3 e MXJR foram remanejadas para a rodada dupla de Santa Cruz do Capibaribe\/PE, enquanto as categorias 50cc e 65cc passam a compor a programa\u00e7\u00e3o da 10\u00aa etapa, em Brumadinho\/MG.<\/p>\n\n\n\n<p class=\"wp-block-paragraph\">Segundo a organiza\u00e7\u00e3o, a medida busca preservar a competitividade do campeonato e assegurar que os atletas tenham a oportunidade de disputar integralmente suas respectivas categorias dentro da temporada nacional.<\/p>\n\n\n\n<p class=\"wp-block-paragraph\">A readequa\u00e7\u00e3o refor\u00e7a tamb\u00e9m o compromisso da Promox e da CBM com a condu\u00e7\u00e3o esportiva do MX1 GP Brasil Sportbay, priorizando decis\u00f5es t\u00e9cnicas e respons\u00e1veis diante de situa\u00e7\u00f5es clim\u00e1ticas adversas que impactam diretamente a realiza\u00e7\u00e3o dos eventos.<\/p>\n","protected":false},"excerpt":{"rendered":"<p>A organiza\u00e7\u00e3o do MX1 GP Brasil Sportbay anuncia oficialmente a readequa\u00e7\u00e3o das categorias que n\u00e3o puderam ser realizadas durante a 3\u00aa etapa do campeonato, disputada em Castro\/PR. As provas haviam sido inicialmente canceladas em raz\u00e3o do forte temporal que atingiu o circuito durante o evento, comprometendo as condi\u00e7\u00f5es de pista a seguran\u00e7a para pilotos, equipes [&hellip;]<\/p>\n","protected":false},"author":1,"featured_media":72729,"comment_status":"closed","ping_status":"open","sticky":false,"template":"","format":"standard","meta":{"footnotes":""},"categories":[133],"tags":[],"class_list":["post-72726","post","type-post","status-publish","format-standard","has-post-thumbnail","hentry","category-motocross"],"_links":{"self":[{"href":"https:\/\/mx1gpbrasil.alperprojetos.com.br\/index.php\/wp-json\/wp\/v2\/posts\/72726","targetHints":{"allow":["GET"]}}],"collection":[{"href":"https:\/\/mx1gpbrasil.alperprojetos.com.br\/index.php\/wp-json\/wp\/v2\/posts"}],"about":[{"href":"https:\/\/mx1gpbrasil.alperprojetos.com.br\/index.php\/wp-json\/wp\/v2\/types\/post"}],"author":[{"embeddable":true,"href":"https:\/\/mx1gpbrasil.alperprojetos.com.br\/index.php\/wp-json\/wp\/v2\/users\/1"}],"replies":[{"embeddable":true,"href":"https:\/\/mx1gpbrasil.alperprojetos.com.br\/index.php\/wp-json\/wp\/v2\/comments?post=72726"}],"version-history":[{"count":0,"href":"https:\/\/mx1gpbrasil.alperprojetos.com.br\/index.php\/wp-json\/wp\/v2\/posts\/72726\/revisions"}],"wp:featuredmedia":[{"embeddable":true,"href":"https:\/\/mx1gpbrasil.alperprojetos.com.br\/index.php\/wp-json\/wp\/v2\/media\/72729"}],"wp:attachment":[{"href":"https:\/\/mx1gpbrasil.alperprojetos.com.br\/index.php\/wp-json\/wp\/v2\/media?parent=72726"}],"wp:term":[{"taxonomy":"category","embeddable":true,"href":"https:\/\/mx1gpbrasil.alperprojetos.com.br\/index.php\/wp-json\/wp\/v2\/categories?post=72726"},{"taxonomy":"post_tag","embeddable":true,"href":"https:\/\/mx1gpbrasil.alperprojetos.com.br\/index.php\/wp-json\/wp\/v2\/tags?post=72726"}],"curies":[{"name":"wp","href":"https:\/\/api.w.org\/{rel}","templated":true}]}}