{"id":72730,"date":"2026-05-26T11:30:00","date_gmt":"2026-05-26T14:30:00","guid":{"rendered":"https:\/\/mx1gpbrasil.com.br\/?p=72730"},"modified":"2026-05-26T11:30:00","modified_gmt":"2026-05-26T14:30:00","slug":"mx1-gp-brasil-sportbay-abre-credenciamento-de-imprensa-para-etapa-em-palmas-to","status":"publish","type":"post","link":"https:\/\/mx1gpbrasil.alperprojetos.com.br\/index.php\/2026\/05\/26\/mx1-gp-brasil-sportbay-abre-credenciamento-de-imprensa-para-etapa-em-palmas-to\/","title":{"rendered":"MX1 GP Brasil Sportbay abre credenciamento de imprensa para etapa em Palmas\/TO"},"content":{"rendered":"\n<p class=\"wp-block-paragraph\">Os profissionais de imprensa interessados na cobertura da 5\u00aa etapa do MX1 GP Brasil Sportbay j\u00e1 podem realizar o credenciamento para o evento, que acontece entre os dias 5 e 7 de junho, em Palmas (TO). O prazo para solicita\u00e7\u00e3o segue aberto at\u00e9 domingo, dia 31 de maio, \u00e0s 18h.<\/p>\n\n\n\n<p class=\"wp-block-paragraph\"><strong>Ap\u00f3s o encerramento do prazo, n\u00e3o ser\u00e1 mais permitido realizar novos cadastros. Todos os profissionais inscritos receber\u00e3o retorno oficial da organiza\u00e7\u00e3o ap\u00f3s o fechamento do per\u00edodo de credenciamento.<\/strong><\/p>\n\n\n\n<p class=\"wp-block-paragraph\">A etapa promete reunir os principais nomes do motocross nacional e internacional, consolidando a capital tocantinense como um dos grandes palcos da temporada 2026. Durante os tr\u00eas dias de programa\u00e7\u00e3o, o p\u00fablico poder\u00e1 acompanhar disputas de alto n\u00edvel, al\u00e9m de toda a estrutura preparada para receber equipes, pilotos, patrocinadores e f\u00e3s do esporte.<\/p>\n\n\n\n<p class=\"wp-block-paragraph\">O credenciamento \u00e9 destinado a jornalistas, fot\u00f3grafos, cinegrafistas, assessores e demais profissionais da comunica\u00e7\u00e3o que atuar\u00e3o na cobertura oficial do evento. As solicita\u00e7\u00f5es ser\u00e3o analisadas pela organiza\u00e7\u00e3o, conforme disponibilidade e crit\u00e9rios estabelecidos pela assessoria de imprensa do campeonato.<\/p>\n\n\n\n<p class=\"wp-block-paragraph\">A expectativa \u00e9 de grande movimenta\u00e7\u00e3o no Parque Sussuapara, que receber\u00e1 novamente uma das principais competi\u00e7\u00f5es de motocross da Am\u00e9rica Latina, promovendo esporte, entretenimento e impacto positivo para a economia local.<\/p>\n\n\n\n<p class=\"wp-block-paragraph\">Os interessados devem realizar o cadastro por meio do link: <a href=\"https:\/\/forms.gle\/H6JZzbSPYKa9QXum8\" type=\"link\" id=\"https:\/\/forms.gle\/H6JZzbSPYKa9QXum8\">https:\/\/forms.gle\/H6JZzbSPYKa9QXum8<\/a> .<\/p>\n\n\n\n<p class=\"wp-block-paragraph\">A 5\u00aa etapa do MX1 GP Brasil Sportbay ser\u00e1 realizada entre os dias 5 e 7 de junho, no Parque Sussuapara, em Palmas (TO).<\/p>\n","protected":false},"excerpt":{"rendered":"<p>Os profissionais de imprensa interessados na cobertura da 5\u00aa etapa do MX1 GP Brasil Sportbay j\u00e1 podem realizar o credenciamento para o evento, que acontece entre os dias 5 e 7 de junho, em Palmas (TO). O prazo para solicita\u00e7\u00e3o segue aberto at\u00e9 domingo, dia 31 de maio, \u00e0s 18h. Ap\u00f3s o encerramento do prazo, [&hellip;]<\/p>\n","protected":false},"author":1,"featured_media":72731,"comment_status":"closed","ping_status":"open","sticky":false,"template":"","format":"standard","meta":{"footnotes":""},"categories":[133],"tags":[],"class_list":["post-72730","post","type-post","status-publish","format-standard","has-post-thumbnail","hentry","category-motocross"],"_links":{"self":[{"href":"https:\/\/mx1gpbrasil.alperprojetos.com.br\/index.php\/wp-json\/wp\/v2\/posts\/72730","targetHints":{"allow":["GET"]}}],"collection":[{"href":"https:\/\/mx1gpbrasil.alperprojetos.com.br\/index.php\/wp-json\/wp\/v2\/posts"}],"about":[{"href":"https:\/\/mx1gpbrasil.alperprojetos.com.br\/index.php\/wp-json\/wp\/v2\/types\/post"}],"author":[{"embeddable":true,"href":"https:\/\/mx1gpbrasil.alperprojetos.com.br\/index.php\/wp-json\/wp\/v2\/users\/1"}],"replies":[{"embeddable":true,"href":"https:\/\/mx1gpbrasil.alperprojetos.com.br\/index.php\/wp-json\/wp\/v2\/comments?post=72730"}],"version-history":[{"count":0,"href":"https:\/\/mx1gpbrasil.alperprojetos.com.br\/index.php\/wp-json\/wp\/v2\/posts\/72730\/revisions"}],"wp:featuredmedia":[{"embeddable":true,"href":"https:\/\/mx1gpbrasil.alperprojetos.com.br\/index.php\/wp-json\/wp\/v2\/media\/72731"}],"wp:attachment":[{"href":"https:\/\/mx1gpbrasil.alperprojetos.com.br\/index.php\/wp-json\/wp\/v2\/media?parent=72730"}],"wp:term":[{"taxonomy":"category","embeddable":true,"href":"https:\/\/mx1gpbrasil.alperprojetos.com.br\/index.php\/wp-json\/wp\/v2\/categories?post=72730"},{"taxonomy":"post_tag","embeddable":true,"href":"https:\/\/mx1gpbrasil.alperprojetos.com.br\/index.php\/wp-json\/wp\/v2\/tags?post=72730"}],"curies":[{"name":"wp","href":"https:\/\/api.w.org\/{rel}","templated":true}]}}