{"id":72804,"date":"2026-05-29T02:52:23","date_gmt":"2026-05-29T05:52:23","guid":{"rendered":"https:\/\/mx1gpbrasil.com.br\/?p=72804"},"modified":"2026-05-29T02:52:23","modified_gmt":"2026-05-29T05:52:23","slug":"pela-terceira-temporada-seguida-palmas-recebe-etapa-que-marca-metade-do-mx1gp-brasil","status":"publish","type":"post","link":"https:\/\/mx1gpbrasil.alperprojetos.com.br\/index.php\/2026\/05\/29\/pela-terceira-temporada-seguida-palmas-recebe-etapa-que-marca-metade-do-mx1gp-brasil\/","title":{"rendered":"Pela terceira temporada seguida, Palmas recebe etapa que marca metade do MX1GP Brasil"},"content":{"rendered":"\n<figure class=\"wp-block-image size-full is-resized\"><img decoding=\"async\" src=\"https:\/\/mx1gpbrasil.com.br\/wp-content\/uploads\/2026\/05\/CAPA-NOTICIAS-2025-06-04T184316.156.webp\" alt=\"\" class=\"wp-image-72806\" style=\"width:1030px;height:auto\"\/><figcaption class=\"wp-element-caption\"><em>Foto: Mundo das Pistas<\/em> &#8211; Arquivo<\/figcaption><\/figure>\n\n\n\n<p class=\"wp-block-paragraph\">O MX1GP Brasil Sportbay 2026 segue subindo pelas dimens\u00f5es continentais do pa\u00eds. Depois de tr\u00eas etapas no Sul e uma no Centro-Oeste, a maior competi\u00e7\u00e3o da Am\u00e9rica Latina desembarcar\u00e1, pelo terceiro ano consecutivo, em Palmas, capital do Tocantins. Durante os dias 5, 6 e 7 de junho, o Parque Sussuapara receber\u00e1 mais de 300 pilotos de 22 pa\u00edses. O evento marca a metade da competi\u00e7\u00e3o, com sua quinta de nove rodadas.<\/p>\n\n\n\n<p class=\"wp-block-paragraph\">A 5\u00aa etapa do MX1GP Brasil Sportbay, que tamb\u00e9m ter\u00e1 pontos em disputa pelo Campeonato Tocantinense de Motocross, come\u00e7ar\u00e1 a movimentar a cidade j\u00e1 na quinta-feira, dia 4, com o Desfile das Equipes e Delega\u00e7\u00f5es. O comboio oficial \u2014 composto por carretas, caminh\u00f5es, \u00f4nibus e vans \u2014 ter\u00e1 sa\u00edda \u00e0s 08h00 do Rodoposto Palmas, na BR-010, seguindo at\u00e9 o Parque Sussuapara, localizado na regi\u00e3o da Arno 32. Logo ap\u00f3s, as equipes passar\u00e3o a se instalar no local.<\/p>\n\n\n\n<p class=\"wp-block-paragraph\">As visitas ao paddock abrem na sexta-feira, 5, quando acontecem os servi\u00e7os de secretaria e vistoria da competi\u00e7\u00e3o nacional, al\u00e9m das competi\u00e7\u00f5es de quatro categorias v\u00e1lidas pelo estadual. As atividades de pista da 5\u00aa etapa do MX1GP Brasil Sportbay est\u00e3o programadas para iniciar no s\u00e1bado, 6, com as categorias 50cc, 65cc, YZ125, MX2JR, MX3 e MX5. As classes MX1, MX2, MXJR e MXF competem no domingo, 7. As categorias MX5 e MXF ter\u00e3o duas corridas oficiais, dando in\u00edcio \u00e0 readequa\u00e7\u00e3o das provas n\u00e3o realizadas na 3\u00aa etapa (em Castro\/PR).<\/p>\n\n\n\n<p class=\"wp-block-paragraph\">O compacto paddock de Palmas disp\u00f5e de pra\u00e7as de alimenta\u00e7\u00e3o e neg\u00f3cios, ativa\u00e7\u00f5es de marcas do segmento esportivo, banheiros, arquibancadas e camarotes. A entrada tem vi\u00e9s solid\u00e1rio, com arrecada\u00e7\u00e3o obrigat\u00f3ria de 2 kg de alimentos n\u00e3o perec\u00edveis.<\/p>\n\n\n\n<p class=\"wp-block-paragraph\"><strong>Urbanismo planejado misturado com belezas naturais<\/strong><\/p>\n\n\n\n<figure class=\"wp-block-image size-full\"><img decoding=\"async\" src=\"https:\/\/mx1gpbrasil.com.br\/wp-content\/uploads\/2026\/05\/Praia-da-Graciosa-Palmas-Tocantins-shutterstock_1415098739.jpg\" alt=\"\" class=\"wp-image-72805\"\/><\/figure>\n\n\n\n<p class=\"wp-block-paragraph\">Capital mais jovem do Brasil, Palmas \u00e9 rica em turismo, misturando urbanismo planejado e belezas naturais. A cidade \u00e9 famosa por suas avenidas largas, p\u00f4r do sol espetacular e por oferecer praias de rio, parques urbanos, mirantes e uma rica culin\u00e1ria t\u00edpica. Al\u00e9m disso, \u00e9 considerada o portal de entrada para o Jalap\u00e3o \u2014 regi\u00e3o famosa por suas dunas, rios e fervedouros.<\/p>\n\n\n\n<p class=\"wp-block-paragraph\">A Pra\u00e7a dos Girass\u00f3is \u00e9 considerada a maior da Am\u00e9rica Latina, contendo monumentos como a Coluna Prestes, o Pal\u00e1cio Araguaia e o Memorial dos Pioneiros. A Praia da Graciosa, \u00e0 beira do lago da Usina Lu\u00eds Eduardo Magalh\u00e3es, \u00e9 indicada para a pr\u00e1tica de esportes n\u00e1uticos, pedaladas e contempla\u00e7\u00e3o do p\u00f4r do sol. Ainda, outros pontos conhecidos s\u00e3o as cachoeiras do distrito de Taquaru\u00e7u, a Ilha das Canelas e as praias da Graciosa, do Caju e do Prata.<\/p>\n\n\n\n<p class=\"wp-block-paragraph\">Para al\u00e9m da infraestrutura, das riquezas naturais e dos espa\u00e7os para atividades esportivas, Palmas oferece um caracter\u00edstico cen\u00e1rio cultural e gastron\u00f4mico. Entre os pratos principais est\u00e3o o famoso chambari (prato feito com a canela do boi) e o cl\u00e1ssico tucunar\u00e9 assado nos quiosques locais.<\/p>\n\n\n\n<p class=\"wp-block-paragraph\"><strong><em>Texto: Ed Moreira&nbsp;<\/em><\/strong><em>\u2013 Jornalista MX1GP Brasil<\/em><\/p>\n","protected":false},"excerpt":{"rendered":"<p>O MX1GP Brasil Sportbay 2026 segue subindo pelas dimens\u00f5es continentais do pa\u00eds. Depois de tr\u00eas etapas no Sul e uma no Centro-Oeste, a maior competi\u00e7\u00e3o da Am\u00e9rica Latina desembarcar\u00e1, pelo terceiro ano consecutivo, em Palmas, capital do Tocantins. Durante os dias 5, 6 e 7 de junho, o Parque Sussuapara receber\u00e1 mais de 300 pilotos [&hellip;]<\/p>\n","protected":false},"author":1,"featured_media":73340,"comment_status":"closed","ping_status":"open","sticky":false,"template":"","format":"standard","meta":{"footnotes":""},"categories":[133],"tags":[],"class_list":["post-72804","post","type-post","status-publish","format-standard","has-post-thumbnail","hentry","category-motocross"],"_links":{"self":[{"href":"https:\/\/mx1gpbrasil.alperprojetos.com.br\/index.php\/wp-json\/wp\/v2\/posts\/72804","targetHints":{"allow":["GET"]}}],"collection":[{"href":"https:\/\/mx1gpbrasil.alperprojetos.com.br\/index.php\/wp-json\/wp\/v2\/posts"}],"about":[{"href":"https:\/\/mx1gpbrasil.alperprojetos.com.br\/index.php\/wp-json\/wp\/v2\/types\/post"}],"author":[{"embeddable":true,"href":"https:\/\/mx1gpbrasil.alperprojetos.com.br\/index.php\/wp-json\/wp\/v2\/users\/1"}],"replies":[{"embeddable":true,"href":"https:\/\/mx1gpbrasil.alperprojetos.com.br\/index.php\/wp-json\/wp\/v2\/comments?post=72804"}],"version-history":[{"count":0,"href":"https:\/\/mx1gpbrasil.alperprojetos.com.br\/index.php\/wp-json\/wp\/v2\/posts\/72804\/revisions"}],"wp:featuredmedia":[{"embeddable":true,"href":"https:\/\/mx1gpbrasil.alperprojetos.com.br\/index.php\/wp-json\/wp\/v2\/media\/73340"}],"wp:attachment":[{"href":"https:\/\/mx1gpbrasil.alperprojetos.com.br\/index.php\/wp-json\/wp\/v2\/media?parent=72804"}],"wp:term":[{"taxonomy":"category","embeddable":true,"href":"https:\/\/mx1gpbrasil.alperprojetos.com.br\/index.php\/wp-json\/wp\/v2\/categories?post=72804"},{"taxonomy":"post_tag","embeddable":true,"href":"https:\/\/mx1gpbrasil.alperprojetos.com.br\/index.php\/wp-json\/wp\/v2\/tags?post=72804"}],"curies":[{"name":"wp","href":"https:\/\/api.w.org\/{rel}","templated":true}]}}