{"id":72809,"date":"2026-05-30T21:16:31","date_gmt":"2026-05-31T00:16:31","guid":{"rendered":"https:\/\/mx1gpbrasil.com.br\/?p=72809"},"modified":"2026-05-30T21:16:31","modified_gmt":"2026-05-31T00:16:31","slug":"sessoes-de-autografos-ganham-notoriedade-e-aproximam-fas-dos-protagonistas-do-mx1gp-brasil","status":"publish","type":"post","link":"https:\/\/mx1gpbrasil.alperprojetos.com.br\/index.php\/2026\/05\/30\/sessoes-de-autografos-ganham-notoriedade-e-aproximam-fas-dos-protagonistas-do-mx1gp-brasil\/","title":{"rendered":"Sess\u00f5es de aut\u00f3grafos ganham notoriedade e aproximam f\u00e3s dos protagonistas do MX1GP Brasil"},"content":{"rendered":"\n<figure class=\"wp-block-image size-large\"><img decoding=\"async\" src=\"http:\/\/mx1gpbrasil.com.br\/wp-content\/uploads\/2026\/05\/IMG_7044-1024x683.jpg\" alt=\"\" class=\"wp-image-72811\"\/><\/figure>\n\n\n\n<p class=\"wp-block-paragraph\">A presen\u00e7a de diversos pilotos renomados em n\u00edvel nacional e internacional tem atra\u00eddo ainda mais multid\u00f5es \u00e0s etapas do MX1GP Brasil Sportbay 2026. Nesta temporada, as sess\u00f5es de aut\u00f3grafos t\u00eam se tornado um dos principais atrativos no paddock da maior competi\u00e7\u00e3o da Am\u00e9rica Latina. As ativa\u00e7\u00f5es geram filas que se tornam um mero detalhe diante da oportunidade de os f\u00e3s estarem ainda mais pr\u00f3ximos de seus \u00eddolos.<\/p>\n\n\n\n<p class=\"wp-block-paragraph\">Reconhecendo a import\u00e2ncia dessa aproxima\u00e7\u00e3o entre pilotos e p\u00fablico, a Promox \u2013 promotora do MX1GP Brasil \u2013 tem ido muito al\u00e9m de divulgar e dar a devida relev\u00e2ncia \u00e0s a\u00e7\u00f5es das equipes. As sess\u00f5es de aut\u00f3grafos acontecem tamb\u00e9m na estrutura m\u00f3vel da loja da competi\u00e7\u00e3o, com um piloto convidado \u00e0 disposi\u00e7\u00e3o. Em Cuiab\u00e1, o l\u00edder da MX3, Caio Lopes, da HQT Racing, se fez presente durante o entardecer dos dois dias de competi\u00e7\u00e3o (sexta-feira, 22, e s\u00e1bado, 23).<\/p>\n\n\n\n<p class=\"wp-block-paragraph\">Para os f\u00e3s, a oportunidade de estar frente a frente com seus \u00eddolos representa uma lembran\u00e7a que vai muito al\u00e9m das corridas. Para os pilotos, \u00e9 a chance de retribuir o carinho recebido ao longo da temporada. Assim, as sess\u00f5es de aut\u00f3grafos seguem ganhando protagonismo e ajudando a tornar cada etapa do MX1GP Brasil uma experi\u00eancia ainda mais especial.<\/p>\n\n\n\n<p class=\"wp-block-paragraph\">Os pr\u00f3ximos encontros ser\u00e3o na 5\u00aa etapa do MX1GP Brasil, que acontece nos dias 5, 6 e 7 de junho, em Palmas (TO). O compacto paddock da capital tocantinense ir\u00e1 dispor tamb\u00e9m de pra\u00e7as de alimenta\u00e7\u00e3o e neg\u00f3cios, ativa\u00e7\u00f5es de marcas do segmento esportivo, banheiros, arquibancadas e camarotes. A entrada tem vi\u00e9s solid\u00e1rio, com arrecada\u00e7\u00e3o obrigat\u00f3ria de 2 kg de alimentos n\u00e3o perec\u00edveis.<\/p>\n\n\n\n<p class=\"wp-block-paragraph\"><strong><em>Texto: Ed Moreira&nbsp;<\/em><\/strong><em>\u2013 Jornalista MX1GP Brasil<br><strong>Fotos:<\/strong>&nbsp;Cl\u00e1udio Alvim e Levi Macedo \/ MX1GP Brasil<\/em><\/p>\n\n\n\n<figure class=\"wp-block-gallery has-nested-images columns-default is-cropped wp-block-gallery-1 is-layout-flex wp-block-gallery-is-layout-flex\">\n<figure class=\"wp-block-image size-large\"><img decoding=\"async\" data-id=\"72813\" src=\"https:\/\/mx1gpbrasil.com.br\/wp-content\/uploads\/2026\/05\/IMG_6959-1024x683.jpg\" alt=\"\" class=\"wp-image-72813\"\/><\/figure>\n\n\n\n<figure class=\"wp-block-image size-large\"><img decoding=\"async\" data-id=\"72811\" src=\"https:\/\/mx1gpbrasil.com.br\/wp-content\/uploads\/2026\/05\/IMG_7044-1024x683.jpg\" alt=\"\" class=\"wp-image-72811\"\/><\/figure>\n\n\n\n<figure class=\"wp-block-image size-large\"><img decoding=\"async\" data-id=\"72812\" src=\"https:\/\/mx1gpbrasil.com.br\/wp-content\/uploads\/2026\/05\/IMG_7027-1-1024x683.jpg\" alt=\"\" class=\"wp-image-72812\"\/><\/figure>\n\n\n\n<figure class=\"wp-block-image size-large\"><img decoding=\"async\" data-id=\"72810\" src=\"https:\/\/mx1gpbrasil.com.br\/wp-content\/uploads\/2026\/05\/IMG_7027-1024x683.jpg\" alt=\"\" class=\"wp-image-72810\"\/><\/figure>\n\n\n\n<figure class=\"wp-block-image size-large\"><img decoding=\"async\" data-id=\"72816\" src=\"https:\/\/mx1gpbrasil.com.br\/wp-content\/uploads\/2026\/05\/IMG_6955-1024x683.jpg\" alt=\"\" class=\"wp-image-72816\"\/><\/figure>\n\n\n\n<figure class=\"wp-block-image size-large\"><img decoding=\"async\" data-id=\"72814\" src=\"https:\/\/mx1gpbrasil.com.br\/wp-content\/uploads\/2026\/05\/IMG_6966-1024x683.jpg\" alt=\"\" class=\"wp-image-72814\"\/><\/figure>\n\n\n\n<figure class=\"wp-block-image size-large\"><img decoding=\"async\" data-id=\"72815\" src=\"https:\/\/mx1gpbrasil.com.br\/wp-content\/uploads\/2026\/05\/IMG_6950-1024x683.jpg\" alt=\"\" class=\"wp-image-72815\"\/><\/figure>\n\n\n\n<figure class=\"wp-block-image size-large\"><img decoding=\"async\" data-id=\"72817\" src=\"https:\/\/mx1gpbrasil.com.br\/wp-content\/uploads\/2026\/05\/IMG_6943-1024x683.jpg\" alt=\"\" class=\"wp-image-72817\"\/><\/figure>\n\n\n\n<figure class=\"wp-block-image size-large\"><img decoding=\"async\" data-id=\"72820\" src=\"https:\/\/mx1gpbrasil.com.br\/wp-content\/uploads\/2026\/05\/IMG_6886-1024x683.jpg\" alt=\"\" class=\"wp-image-72820\"\/><\/figure>\n\n\n\n<figure class=\"wp-block-image size-large\"><img decoding=\"async\" data-id=\"72821\" src=\"https:\/\/mx1gpbrasil.com.br\/wp-content\/uploads\/2026\/05\/IMG_6882-1024x683.jpg\" alt=\"\" class=\"wp-image-72821\"\/><\/figure>\n\n\n\n<figure class=\"wp-block-image size-large\"><img decoding=\"async\" data-id=\"72819\" src=\"https:\/\/mx1gpbrasil.com.br\/wp-content\/uploads\/2026\/05\/IMG_6890-1024x683.jpg\" alt=\"\" class=\"wp-image-72819\"\/><\/figure>\n\n\n\n<figure class=\"wp-block-image size-large\"><img decoding=\"async\" data-id=\"72818\" src=\"https:\/\/mx1gpbrasil.com.br\/wp-content\/uploads\/2026\/05\/IMG_6894-1024x683.jpg\" alt=\"\" class=\"wp-image-72818\"\/><\/figure>\n<\/figure>\n","protected":false},"excerpt":{"rendered":"<p>A presen\u00e7a de diversos pilotos renomados em n\u00edvel nacional e internacional tem atra\u00eddo ainda mais multid\u00f5es \u00e0s etapas do MX1GP Brasil Sportbay 2026. Nesta temporada, as sess\u00f5es de aut\u00f3grafos t\u00eam se tornado um dos principais atrativos no paddock da maior competi\u00e7\u00e3o da Am\u00e9rica Latina. As ativa\u00e7\u00f5es geram filas que se tornam um mero detalhe diante [&hellip;]<\/p>\n","protected":false},"author":1,"featured_media":73339,"comment_status":"closed","ping_status":"open","sticky":false,"template":"","format":"standard","meta":{"footnotes":""},"categories":[133],"tags":[],"class_list":["post-72809","post","type-post","status-publish","format-standard","has-post-thumbnail","hentry","category-motocross"],"_links":{"self":[{"href":"https:\/\/mx1gpbrasil.alperprojetos.com.br\/index.php\/wp-json\/wp\/v2\/posts\/72809","targetHints":{"allow":["GET"]}}],"collection":[{"href":"https:\/\/mx1gpbrasil.alperprojetos.com.br\/index.php\/wp-json\/wp\/v2\/posts"}],"about":[{"href":"https:\/\/mx1gpbrasil.alperprojetos.com.br\/index.php\/wp-json\/wp\/v2\/types\/post"}],"author":[{"embeddable":true,"href":"https:\/\/mx1gpbrasil.alperprojetos.com.br\/index.php\/wp-json\/wp\/v2\/users\/1"}],"replies":[{"embeddable":true,"href":"https:\/\/mx1gpbrasil.alperprojetos.com.br\/index.php\/wp-json\/wp\/v2\/comments?post=72809"}],"version-history":[{"count":0,"href":"https:\/\/mx1gpbrasil.alperprojetos.com.br\/index.php\/wp-json\/wp\/v2\/posts\/72809\/revisions"}],"wp:featuredmedia":[{"embeddable":true,"href":"https:\/\/mx1gpbrasil.alperprojetos.com.br\/index.php\/wp-json\/wp\/v2\/media\/73339"}],"wp:attachment":[{"href":"https:\/\/mx1gpbrasil.alperprojetos.com.br\/index.php\/wp-json\/wp\/v2\/media?parent=72809"}],"wp:term":[{"taxonomy":"category","embeddable":true,"href":"https:\/\/mx1gpbrasil.alperprojetos.com.br\/index.php\/wp-json\/wp\/v2\/categories?post=72809"},{"taxonomy":"post_tag","embeddable":true,"href":"https:\/\/mx1gpbrasil.alperprojetos.com.br\/index.php\/wp-json\/wp\/v2\/tags?post=72809"}],"curies":[{"name":"wp","href":"https:\/\/api.w.org\/{rel}","templated":true}]}}