{"id":72824,"date":"2026-06-06T21:58:09","date_gmt":"2026-06-07T00:58:09","guid":{"rendered":"https:\/\/mx1gpbrasil.com.br\/?p=72824"},"modified":"2026-06-06T21:58:09","modified_gmt":"2026-06-07T00:58:09","slug":"multidao-lota-arquibancadas-para-prestigiar-primeiras-largadas-oficiais-da-5a-etapa-do-mx1gp-brasil-sportbay","status":"publish","type":"post","link":"https:\/\/mx1gpbrasil.alperprojetos.com.br\/index.php\/2026\/06\/06\/multidao-lota-arquibancadas-para-prestigiar-primeiras-largadas-oficiais-da-5a-etapa-do-mx1gp-brasil-sportbay\/","title":{"rendered":"Multid\u00e3o lota arquibancadas para prestigiar primeiras largadas oficiais da 5\u00aa etapa do MX1GP Brasil Sportbay"},"content":{"rendered":"\n<figure class=\"wp-block-image size-large\"><img decoding=\"async\" src=\"https:\/\/mx1gpbrasil.com.br\/wp-content\/uploads\/2026\/06\/Sabado_MoZ_Site-1.jpg-1024x683.jpeg\" alt=\"\" class=\"wp-image-72826\"\/><\/figure>\n\n\n\n<p class=\"wp-block-paragraph\">Pelo terceiro ano consecutivo, Palmas recebe o maior campeonato de motocross da Am\u00e9rica Latina. A 5\u00aa etapa do MX1GP Brasil Sportbay 2026 desembarcou no Norte do pa\u00eds com altas temperaturas dentro e fora da pista. Uma multid\u00e3o lotou as arquibancadas em uma sinergia peculiar com os pilotos, que encararam mais de 30\u00b0C em provas emocionantes na tarde deste s\u00e1bado, 6 de junho, no Parque Sussuapara, na capital do Tocantins.<\/p>\n\n\n\n<p class=\"wp-block-paragraph\">Entre baterias oficiais e classificat\u00f3rias, treze largadas levaram emo\u00e7\u00e3o \u00e0s arquibancadas, com a invencibilidade mantida de Caio Lopes e l\u00edderes dominantes. A exce\u00e7\u00e3o foi Lorenzo Ricken, na YZ125. As demais classes \u2013 50cc, 65cc, YZ125, MX2JR, MX3 e MX5 \u2013 foram vencidas por seus respectivos red plates (abaixo, confira o resumo e os resultados das provas).<\/p>\n\n\n\n<p class=\"wp-block-paragraph\">A etapa de Palmas tem continuidade neste domingo, 7 de junho, com a disputa das classes MX1, MX2, MXF e MXJR. Assim como a MX5 no s\u00e1bado, a MXF ter\u00e1 duas largadas oficiais \u2013 em compensa\u00e7\u00e3o \u00e0s baterias adiadas da etapa de Castro. Os treinos come\u00e7am \u00e0s 8h, seguidos de cronometrados e provas classificat\u00f3rias. As corridas oficiais come\u00e7am \u00e0s 11h50, estendendo-se ao longo da tarde.<\/p>\n\n\n\n<p class=\"wp-block-paragraph\"><strong>YZ125<br><\/strong>A tarde foi aberta com a classe monomarca. Heverton Silveira fez o holeshot e ditou o ritmo durante a maior parte da prova, por\u00e9m n\u00e3o conseguiu conter a aproxima\u00e7\u00e3o de Lorenzo Ricken. O mais jovem da categoria atacou no momento decisivo para fazer a ultrapassagem e conquistar sua primeira vit\u00f3ria na YZ125. Logo depois, Hevertinho e Zion sofreram puni\u00e7\u00e3o por saltarem em bandeira amarela, sendo penalizados com a perda de cinco posi\u00e7\u00f5es cada um. Sendo assim, Victor Hugo da Rocha venceu entre os pilotos do projeto IMS YZ125 BLU CRU Cup.<\/p>\n\n\n\n<p class=\"wp-block-paragraph\"><strong>Resultados<br>YZ 125 Geral<\/strong><br><strong>1\u00ba Lorenzo Ricken<\/strong> \u2013 BRA<strong><br>2\u00ba Victor Hugo da Rocha<\/strong>&nbsp;\u2013 BRA<strong><br>3\u00ba Miguel Boer &#8211;<\/strong> BRA<strong><br>4\u00ba Heitor Matos<\/strong> \u2013 BRA<br><strong>5\u00ba Pedro Lobo Leite<\/strong> \u2013 BRA<\/p>\n\n\n\n<figure class=\"wp-block-image size-large\"><img decoding=\"async\" src=\"https:\/\/mx1gpbrasil.com.br\/wp-content\/uploads\/2026\/06\/Sabado_MoZ_Podios-2.jpg-1024x683.jpeg\" alt=\"\" class=\"wp-image-72830\"\/><\/figure>\n\n\n\n<p class=\"wp-block-paragraph\"><strong>IMS YZ125 BLU CRU Cup<\/strong><br><strong>1\u00ba Victor Hugo da Rocha<\/strong>&nbsp;\u2013 BRA<strong><br>2\u00ba Miguel Boer &#8211;<\/strong> BRA<strong><br>3\u00ba Pedro Lobo Leite<\/strong> \u2013 BRA<strong><br>4\u00ba Israel Bamba <\/strong>\u2013 ARG<br><strong>5\u00ba Heverton Silveira dos Santos<\/strong>&nbsp;\u2013 BRA<\/p>\n\n\n\n<figure class=\"wp-block-image size-large\"><img decoding=\"async\" src=\"https:\/\/mx1gpbrasil.com.br\/wp-content\/uploads\/2026\/06\/Sabado_MoZ_Podios-4.jpg-1024x683.jpeg\" alt=\"\" class=\"wp-image-72829\"\/><\/figure>\n\n\n\n<p class=\"wp-block-paragraph\"><strong>YZ 125<br>1\u00ba Lorenzo Ricken<\/strong> \u2013 BRA<strong><br>2\u00ba Heitor Matos<\/strong> \u2013 BRA<strong><br>3\u00ba Zion Berchtold<\/strong>\u00a0\u2013 BRA <strong>\u00a0<\/strong><br><strong>4\u00ba Henri Krug<\/strong>\u00a0\u2013 BRA<br><strong>5\u00ba Enzo Chupel<\/strong>\u00a0\u2013 BRA<\/p>\n\n\n\n<figure class=\"wp-block-image size-large\"><img decoding=\"async\" src=\"https:\/\/mx1gpbrasil.com.br\/wp-content\/uploads\/2026\/06\/Sabado_MoZ_Podios-3.jpg-1024x683.jpeg\" alt=\"\" class=\"wp-image-72832\"\/><\/figure>\n\n\n\n<p class=\"wp-block-paragraph\"><strong><br>50cc<br><\/strong>Enzo Wiebbelling venceu a prova classificat\u00f3ria e colocou um \u201ctempero\u201d a mais na categoria. Uma queda no in\u00edcio da corrida, entretanto, abriu caminho para mais uma vit\u00f3ria do chileno Tomas Aguila, cada vez mais l\u00edder do campeonato. Enzinho se recuperou e chegou em segundo, com o p\u00f3dio completado por Luiz Felypinho, Jo\u00e3o Manoel Prado e Jo\u00e3o Barbosa Pereira.<br><br><strong>P\u00f3dio<br>1\u00ba Tomas Aguila\u00a0\u2013<\/strong> CHI (Sagae Team)<strong><br>2\u00ba Enzinho Wiebbelling\u00a0<\/strong>\u2013 BRA (Maguila MX School)<br><strong>3\u00ba Luiz Felype Fiorese da Silva <\/strong>\u2013 BRA <strong><br>4\u00ba Jo\u00e3o Manoel Prado\u00a0<\/strong>\u2013 BRA<br><strong>5\u00ba Jo\u00e3o Barbosa Pereira <\/strong>\u2013 BRA<\/p>\n\n\n\n<figure class=\"wp-block-image size-large\"><img decoding=\"async\" src=\"https:\/\/mx1gpbrasil.com.br\/wp-content\/uploads\/2026\/06\/Sabado_MoZ_Podios-6.jpg-1024x683.jpeg\" alt=\"\" class=\"wp-image-72831\"\/><\/figure>\n\n\n\n<p class=\"wp-block-paragraph\"><strong><br>MX2JR<br><\/strong>Ap\u00f3s ter sua invencibilidade derrubada em Cuiab\u00e1, Cesar Aponte reagiu e dominou a etapa de Palmas, com triunfos na classificat\u00f3ria e, de ponta a ponta, na bateria oficial. A Belco Racing esteve bem representada, com dobradinha de Gabriel Cirino e Jose Morera em segundo e terceiro lugares, respectivamente. Outro destaque foi Luanna Neves, que largou em 2\u00ba e esteve no Top 10 durante a primeira metade da prova. Depois, a representante feminina perdeu posi\u00e7\u00f5es e terminou em 14\u00ba.<\/p>\n\n\n\n<p class=\"wp-block-paragraph\"><strong>P\u00f3dio<br>1\u00ba Cesar Aponte<\/strong>&nbsp;\u2013 VEN (JP Pro Honda Baterias Pioneiro) &nbsp;<br><strong>2\u00ba<\/strong> <strong>Gabriel Cirino<\/strong>&nbsp;\u2013 BRA (Belco Racing)<br><strong>3\u00ba Jos\u00e9 Carlos Morera<\/strong>&nbsp;\u2013 VEN (Belco Racing)<br><strong>4\u00ba<\/strong> <strong>Sebastian Vel\u00e1squez \u2013 <\/strong>VEN ((Yamaha 101 M78)<br><strong>5\u00ba Juan Felipe Garcia<\/strong>&nbsp;\u2013 ARG (Maguila MX School)<\/p>\n\n\n\n<figure class=\"wp-block-image size-large\"><img decoding=\"async\" src=\"https:\/\/mx1gpbrasil.com.br\/wp-content\/uploads\/2026\/06\/Sabado_MoZ_Podios-7.jpg-1024x683.jpeg\" alt=\"\" class=\"wp-image-72834\"\/><\/figure>\n\n\n\n<p class=\"wp-block-paragraph\"><strong>65cc<br><\/strong>A disputa, mais uma vez, se centralizou entre os companheiros da Belco Racing. Arthur Lorenzo levou a melhor e ampliou sua vantagem sobre Henrique Spinasse, novamente segundo colocado. Ben Sagae e Tomas Aguila colocaram a Sagae Team no p\u00f3dio, que tamb\u00e9m contou com a in\u00e9dita presen\u00e7a de Affonso Dall Agnol.<\/p>\n\n\n\n<p class=\"wp-block-paragraph\"><strong>P\u00f3dio<\/strong><br><strong>1\u00ba Arthur Lorenzo<\/strong>&nbsp;\u2013 BRA (Belco Racing)<br><strong>2\u00ba Henrique Spinass\u00e9<\/strong>&nbsp;\u2013 BRA (Belco Racing)<br><strong>3\u00ba Ben Sagae <\/strong>\u2013 BRA (Sagae Team)<strong><br>4\u00ba Tomas Aguila&nbsp;\u2013<\/strong> CHI (Sagae Team)<strong><br>5\u00ba Affonso Dall Agnol \u2013<\/strong> BRA (Team Zenni School)<\/p>\n\n\n\n<figure class=\"wp-block-image size-large\"><img decoding=\"async\" src=\"https:\/\/mx1gpbrasil.com.br\/wp-content\/uploads\/2026\/06\/Sabado_MoZ_Podios-8.jpg-1024x683.jpeg\" alt=\"\" class=\"wp-image-72833\"\/><\/figure>\n\n\n\n<p class=\"wp-block-paragraph\"><strong>MX3<\/strong><br>Retornando ao campeonato nacional depois de quase uma d\u00e9cada, Mateus Basso fez o holeshot, perdeu bastantes posi\u00e7\u00f5es j\u00e1 na primeira volta e acabou em 10\u00ba. Caio Lopes assumiu a lideran\u00e7a ainda nas primeiras curvas para manter os 100% de aproveitamento na temporada, sendo seguido pelo atual campe\u00e3o, Anderson Amaral, que fez uma prova de recupera\u00e7\u00e3o. Guilherme Lima foi outro destaque ao largar bem e garantir uma importante presen\u00e7a no p\u00f3dio.<\/p>\n\n\n\n<p class=\"wp-block-paragraph\"><strong>P\u00f3dio<br>1\u00ba Caio Lopes<\/strong>&nbsp;\u2013 BRA (HQT Racing)<br><strong>2\u00ba Anderson Amaral <\/strong>\u2013 BRA (Belco Racing)<strong><br>3\u00ba Diego Fernando Henning <\/strong>\u2013 BRA (PG Racing MX)<br><strong>4\u00ba Roosevelt de Assun\u00e7\u00e3o <\/strong>\u2013 BRA (Kawasaki Factory Brasil)<strong><br>5\u00ba Guilherme Lima<\/strong>&nbsp;\u2013 BRA<\/p>\n\n\n\n<figure class=\"wp-block-image size-large\"><img decoding=\"async\" src=\"https:\/\/mx1gpbrasil.com.br\/wp-content\/uploads\/2026\/06\/Sabado_MoZ_Podios-9.jpg-1024x683.jpeg\" alt=\"\" class=\"wp-image-72835\"\/><\/figure>\n\n\n\n<p class=\"wp-block-paragraph\"><strong>MX5<\/strong><br>A classe destinada aos pilotos mais veteranos da competi\u00e7\u00e3o teve duas largadas oficiais, compensando a bateria adiada da etapa de Castro\/PR, em raz\u00e3o das condi\u00e7\u00f5es clim\u00e1ticas. As duas corridas tiveram desdobramentos similares, com vit\u00f3rias de Willian Guimar\u00e3es e os mesmos pilotos no p\u00f3dio. A \u00fanica diferen\u00e7a esteve em uma \u201cinvers\u00e3o\u201d entre os terceiro e quarto colocados.<\/p>\n\n\n\n<p class=\"wp-block-paragraph\"><strong>P\u00f3dio (Castro\/PR)<br>1\u00ba Willian Guimar\u00e3es \u2013<\/strong> BRA<br><strong>2\u00ba Rodrigo Peguinelli <\/strong>\u2013 BRA <strong><br>3\u00ba Geraldo Almeida <\/strong>\u2013 BRA<br><strong>4\u00ba Jos\u00e9 Israel <\/strong>\u2013 BRA<strong><br>5\u00ba Itamar Fernandes<\/strong>\u00a0\u2013 BRA<\/p>\n\n\n\n<p class=\"wp-block-paragraph\"><strong>P\u00f3dio (Palmas\/TO)<br>1\u00ba Willian Guimar\u00e3es \u2013<\/strong> BRA<br><strong>2\u00ba Rodrigo Peguinelli <\/strong>\u2013 BRA <strong><br>4\u00ba Jos\u00e9 Israel <\/strong>\u2013 BRA<strong><br>5\u00ba Geraldo Almeida <\/strong>\u2013 BRA<\/p>\n\n\n\n<figure class=\"wp-block-image size-large\"><img decoding=\"async\" src=\"https:\/\/mx1gpbrasil.com.br\/wp-content\/uploads\/2026\/06\/Sabado_MoZ_Podios-10.jpg-1024x683.jpeg\" alt=\"\" class=\"wp-image-72836\"\/><\/figure>\n\n\n\n<p class=\"wp-block-paragraph\"><strong><em>Texto: Ed Moreira <\/em><\/strong><em>\u2013 Jornalista MX1GP Brasil<br><strong>Fotos:<\/strong> Matheus Zem \u2013 Studio MOZ \u2013 MX1GP Brasil<\/em><\/p>\n\n\n\n<p class=\"wp-block-paragraph\"><\/p>\n","protected":false},"excerpt":{"rendered":"<p>Pelo terceiro ano consecutivo, Palmas recebe o maior campeonato de motocross da Am\u00e9rica Latina. A 5\u00aa etapa do MX1GP Brasil Sportbay 2026 desembarcou no Norte do pa\u00eds com altas temperaturas dentro e fora da pista. Uma multid\u00e3o lotou as arquibancadas em uma sinergia peculiar com os pilotos, que encararam mais de 30\u00b0C em provas emocionantes [&hellip;]<\/p>\n","protected":false},"author":1,"featured_media":73338,"comment_status":"closed","ping_status":"open","sticky":false,"template":"","format":"standard","meta":{"footnotes":""},"categories":[133],"tags":[],"class_list":["post-72824","post","type-post","status-publish","format-standard","has-post-thumbnail","hentry","category-motocross"],"_links":{"self":[{"href":"https:\/\/mx1gpbrasil.alperprojetos.com.br\/index.php\/wp-json\/wp\/v2\/posts\/72824","targetHints":{"allow":["GET"]}}],"collection":[{"href":"https:\/\/mx1gpbrasil.alperprojetos.com.br\/index.php\/wp-json\/wp\/v2\/posts"}],"about":[{"href":"https:\/\/mx1gpbrasil.alperprojetos.com.br\/index.php\/wp-json\/wp\/v2\/types\/post"}],"author":[{"embeddable":true,"href":"https:\/\/mx1gpbrasil.alperprojetos.com.br\/index.php\/wp-json\/wp\/v2\/users\/1"}],"replies":[{"embeddable":true,"href":"https:\/\/mx1gpbrasil.alperprojetos.com.br\/index.php\/wp-json\/wp\/v2\/comments?post=72824"}],"version-history":[{"count":0,"href":"https:\/\/mx1gpbrasil.alperprojetos.com.br\/index.php\/wp-json\/wp\/v2\/posts\/72824\/revisions"}],"wp:featuredmedia":[{"embeddable":true,"href":"https:\/\/mx1gpbrasil.alperprojetos.com.br\/index.php\/wp-json\/wp\/v2\/media\/73338"}],"wp:attachment":[{"href":"https:\/\/mx1gpbrasil.alperprojetos.com.br\/index.php\/wp-json\/wp\/v2\/media?parent=72824"}],"wp:term":[{"taxonomy":"category","embeddable":true,"href":"https:\/\/mx1gpbrasil.alperprojetos.com.br\/index.php\/wp-json\/wp\/v2\/categories?post=72824"},{"taxonomy":"post_tag","embeddable":true,"href":"https:\/\/mx1gpbrasil.alperprojetos.com.br\/index.php\/wp-json\/wp\/v2\/tags?post=72824"}],"curies":[{"name":"wp","href":"https:\/\/api.w.org\/{rel}","templated":true}]}}