{"id":72840,"date":"2026-06-07T21:41:00","date_gmt":"2026-06-08T00:41:00","guid":{"rendered":"https:\/\/mx1gpbrasil.com.br\/?p=72840"},"modified":"2026-06-07T21:41:00","modified_gmt":"2026-06-08T00:41:00","slug":"vitorias-ineditas-marcam-domingo-emocionante-na-5a-etapa-da-mx1gp-brasil-em-palmas","status":"publish","type":"post","link":"https:\/\/mx1gpbrasil.alperprojetos.com.br\/index.php\/2026\/06\/07\/vitorias-ineditas-marcam-domingo-emocionante-na-5a-etapa-da-mx1gp-brasil-em-palmas\/","title":{"rendered":"Vit\u00f3rias in\u00e9ditas marcam domingo emocionante na 5\u00aa etapa da MX1GP Brasil, em Palmas"},"content":{"rendered":"\n<figure class=\"wp-block-image size-large\"><img decoding=\"async\" src=\"https:\/\/mx1gpbrasil.com.br\/wp-content\/uploads\/2026\/06\/Domingo_MoZ_Podios-6-1024x576.jpg\" alt=\"\" class=\"wp-image-72841\"\/><\/figure>\n\n\n\n<p class=\"wp-block-paragraph\">Palmas neste domingo, 7 de junho de 2026. Uma multid\u00e3o lotou as arquibancadas e empurrou os pilotos para provas emocionantes, marcadas por vit\u00f3rias in\u00e9ditas na atual temporada do MX1GP Brasil Sportbay 2026.<\/p>\n\n\n\n<p class=\"wp-block-paragraph\">A capital tocantinense foi palco do primeiro triunfo em overall do holand\u00eas Glenn Coldenhoff na MX1. Destaque de 2025, Benjamin Garib reencontrou o triunfo na MX2, assim como Zion Berchtold na MXJR e Al\u00edcia Sagar na MXF. A exce\u00e7\u00e3o foi Luanna Neves, em uma das categorias destinadas \u00e0s mulheres (abaixo, confira o resumo e os resultados das provas).<\/p>\n\n\n\n<p class=\"wp-block-paragraph\">Depois de chegar ao Norte, o MX1GP Brasil retorna ao Centro-Oeste do pa\u00eds daqui a duas semanas. O pr\u00f3ximo encontro ocorre entre os dias 19, 20 e 21 de junho, na cidade de Goi\u00e2nia, capital de Goi\u00e1s.<\/p>\n\n\n\n<p class=\"wp-block-paragraph\"><strong>MX1<\/strong><\/p>\n\n\n\n<p class=\"wp-block-paragraph\">Mais r\u00e1pido nos treinos, o \u201cred plate\u201d Enzo Lopes flertou com a quinta vit\u00f3ria consecutiva, por\u00e9m Glenn Coldenhoff o impediu. O ga\u00facho venceu de forma soberana a primeira bateria, entretanto n\u00e3o conseguiu ultrapassar o holand\u00eas na prova final. Com isso, ambos somaram 47 pontos. No desempate, pela vit\u00f3ria na segunda bateria, o europeu subiu ao lugar mais alto do p\u00f3dio.<\/p>\n\n\n\n<p class=\"wp-block-paragraph\">F\u00e1bio Santos teve grande desempenho, com dois terceiros lugares. Gregory Aranda e Paulo Alberto fizeram provas de recupera\u00e7\u00e3o, subindo ao p\u00f3dio ap\u00f3s uma disputa acirrada por pontos com Guilherme Bresolin e Vitor Borba.<\/p>\n\n\n\n<p class=\"wp-block-paragraph\"><strong>P\u00f3dio<\/strong><br><strong>1\u00ba Glenn Coldenhoff \u2013<\/strong>\u00a0HOL (Yamaha C6 Bank IMS) \u2013 47 pontos<strong><br>2\u00ba Enzo Lopes \u2013<\/strong>\u00a0BRA (Honda Racing Brasil) \u2013 47 pontos<br><strong>2\u00ba F\u00e1bio Santos \u2013<\/strong>\u00a0BRA (Yamaha Monster Energy Gera\u00e7\u00e3o) \u2013 40 pontos<br><strong>4\u00ba Gregory Aranda \u2013<\/strong>\u00a0FRA (595 Pro Tork KTM) \u2013 33 pontos<br><strong>5\u00ba Paulo Alberto \u2013<\/strong>\u00a0POR (Yamaha Monster Energy Gera\u00e7\u00e3o) \u2013 31 pontos<\/p>\n\n\n\n<figure class=\"wp-block-image size-large\"><img decoding=\"async\" src=\"https:\/\/mx1gpbrasil.com.br\/wp-content\/uploads\/2026\/06\/Domingo_MoZ_Podios-12-1024x576.jpg\" alt=\"\" class=\"wp-image-72842\"\/><\/figure>\n\n\n\n<p class=\"wp-block-paragraph\"><strong>MX2<\/strong><\/p>\n\n\n\n<p class=\"wp-block-paragraph\">Vice-campe\u00e3o na temporada passada, Benjamin Garib fez as pazes com a vit\u00f3ria. Mais r\u00e1pido no treino cronometrado, o chileno teve uma tarde brilhante e venceu as duas baterias com ampla vantagem sobre Salvador P\u00e9rez, que chegou em ambas na segunda posi\u00e7\u00e3o. O resultado mant\u00e9m o espanhol da Yamaha Monster Energy Gera\u00e7\u00e3o com ampla vantagem na lideran\u00e7a da competi\u00e7\u00e3o.<\/p>\n\n\n\n<p class=\"wp-block-paragraph\">A briga pelas demais posi\u00e7\u00f5es do p\u00f3dio foi intensa. Henrique Henicka fez terceiro na primeira bateria, mas sentiu o calor na segunda e ficou em sexto. Pietro Piroli teve jornada similar, com quedas na primeira e um terceiro lugar na corrida final. Desta forma, os ga\u00fachos acabaram sendo superados na pontua\u00e7\u00e3o final por Travin Nelson, que teve dois quartos lugares.<\/p>\n\n\n\n<p class=\"wp-block-paragraph\"><strong>P\u00f3dio<\/strong><br><strong>1\u00ba Benjamin Garib<\/strong> \u2013 CHI (JP Pro Honda Baterias Pioneiro) \u2013 18 pontos<br><strong>2\u00ba Salvador P\u00e9rez<\/strong> \u2013 ESP\/BRA\u00a0 (Yamaha Monster Energy Gera\u00e7\u00e3o) \u2013 16 pontos<br><strong>3\u00ba Trevin Nelson<\/strong> \u2013 EUA (Maguila MX School) \u2013 36 pontos<br><strong>4\u00ba Henrique Henicka<\/strong> \u2013 BRA (595 Pro Tork KTM) \u2013 35 pontos<br><strong>5\u00ba<\/strong> <strong>Pietro Piroli \u2013<\/strong>\u00a0BRA (Honda Racing Brasil) \u2013 34 pontos<\/p>\n\n\n\n<figure class=\"wp-block-image size-large\"><img decoding=\"async\" src=\"https:\/\/mx1gpbrasil.com.br\/wp-content\/uploads\/2026\/06\/Domingo_MoZ_Podios-10-1024x683.jpg\" alt=\"\" class=\"wp-image-72843\"\/><\/figure>\n\n\n\n<p class=\"wp-block-paragraph\"><strong>MXJR<\/strong><\/p>\n\n\n\n<p class=\"wp-block-paragraph\">Conhecida pelo equil\u00edbrio e pelas disputas eletrizantes entre pilotos da nova gera\u00e7\u00e3o, a classe novamente entregou entretenimento. Lorenzo Ricken fez o holeshot e liderou parte da prova, por\u00e9m sempre perseguido por Zion Berchtold. Em um descuido, o l\u00edder caiu e deixou a vit\u00f3ria de lambuja para seu conterr\u00e2neo catarinense, que conquistou o primeiro triunfo do ano e, de quebra, assumiu a lideran\u00e7a da competi\u00e7\u00e3o.<\/p>\n\n\n\n<p class=\"wp-block-paragraph\">Apesar da queda, Ricken chegou em segundo, mas segue firme na briga pelo t\u00edtulo, assim como o terceiro colocado, Heitor Matos. O p\u00f3dio foi completado por Henri Krug e Vicente Nunes.<\/p>\n\n\n\n<p class=\"wp-block-paragraph\"><strong>P\u00f3dio<br>1\u00ba Zion Berchtold<\/strong>\u00a0\u2013 BRA (Belco Racing)<br><strong>2\u00ba Lorenzo Ricken<\/strong>\u00a0\u2013 BRA<br><strong>3\u00ba Heitor Matos\u00a0<\/strong>\u2013 BRA<br><strong>4\u00ba Henri Krug\u00a0<\/strong>\u2013 BRA (101 M78 Blu Cru Junior Team)<br><strong>5\u00ba Vicente Nunes <\/strong>\u2013 BRA<\/p>\n\n\n\n<figure class=\"wp-block-image size-large\"><img decoding=\"async\" src=\"https:\/\/mx1gpbrasil.com.br\/wp-content\/uploads\/2026\/06\/Domingo_MoZ_Podios-1-1024x576.jpg\" alt=\"\" class=\"wp-image-72844\"\/><\/figure>\n\n\n\n<p class=\"wp-block-paragraph\"><strong>MXF<\/strong><br>A classe destinada \u00e0s mulheres teve duas largadas oficiais, compensando a bateria adiada da etapa de Castro\/PR em raz\u00e3o das condi\u00e7\u00f5es clim\u00e1ticas. As duas corridas tiveram as mesmas pilotas no p\u00f3dio, mas com algumas posi\u00e7\u00f5es alteradas. Em disputa acirrada, Luanna Neves venceu a primeira corrida do dia, enquanto uma queda na segunda abriu caminho para o primeiro triunfo de Al\u00edcia Sagae na temporada 2026.<\/p>\n\n\n\n<p class=\"wp-block-paragraph\"><strong>P\u00f3dio (Palmas\/TO)<\/strong><br><strong>1\u00ba Luanna Neves <\/strong>\u2013 BRA (JP Pro Honda Baterias Pioneiro)<br><strong>2\u00ba Alicia Sagae<\/strong> \u2013 BRA (Sagae Team)<br><strong>3\u00ba Izabela Bindela<\/strong> \u2013 BRA<br><strong>4\u00ba Fernanda Fabris <\/strong>\u2013 BRA<br><strong>5\u00ba Vit\u00f3ria Lima<\/strong> \u2013 BRA<\/p>\n\n\n\n<figure class=\"wp-block-image size-large\"><img decoding=\"async\" src=\"https:\/\/mx1gpbrasil.com.br\/wp-content\/uploads\/2026\/06\/Domingo_MoZ_Podios-2-1024x683.jpg\" alt=\"\" class=\"wp-image-72846\"\/><\/figure>\n\n\n\n<p class=\"wp-block-paragraph\"><br><strong>P\u00f3dio (Castro\/PR)<\/strong><br><strong>1\u00ba Al\u00edcia Sagae \u2013<\/strong> BRA Sagae Team)<br><strong>2\u00ba Luanna Neves<\/strong> \u2013 BRA (JP Pro Honda Baterias Pioneiro)<br><strong>3\u00ba Vit\u00f3ria Lima<\/strong> \u2013 BRA<br><strong>4\u00ba Izabela Bindela<\/strong> \u2013 BRA<br><strong>5\u00ba Fernanda Fabris<\/strong> \u2013 BRA<\/p>\n\n\n\n<figure class=\"wp-block-image size-large\"><img decoding=\"async\" src=\"https:\/\/mx1gpbrasil.com.br\/wp-content\/uploads\/2026\/06\/Domingo_MoZ_Podios-4-1024x683.jpg\" alt=\"\" class=\"wp-image-72847\"\/><\/figure>\n\n\n\n<p class=\"wp-block-paragraph\"><strong><em>Texto: Ed Moreira <\/em><\/strong><em>\u2013 Jornalista MX1GP Brasil<br><strong>Fotos:<\/strong> Matheus Zem \u2013 Studio MOZ \u2013 MX1GP Brasil<\/em><\/p>\n\n\n\n<p class=\"wp-block-paragraph\"><\/p>\n","protected":false},"excerpt":{"rendered":"<p>Palmas neste domingo, 7 de junho de 2026. Uma multid\u00e3o lotou as arquibancadas e empurrou os pilotos para provas emocionantes, marcadas por vit\u00f3rias in\u00e9ditas na atual temporada do MX1GP Brasil Sportbay 2026. A capital tocantinense foi palco do primeiro triunfo em overall do holand\u00eas Glenn Coldenhoff na MX1. Destaque de 2025, Benjamin Garib reencontrou o [&hellip;]<\/p>\n","protected":false},"author":1,"featured_media":73337,"comment_status":"closed","ping_status":"open","sticky":false,"template":"","format":"standard","meta":{"footnotes":""},"categories":[133],"tags":[],"class_list":["post-72840","post","type-post","status-publish","format-standard","has-post-thumbnail","hentry","category-motocross"],"_links":{"self":[{"href":"https:\/\/mx1gpbrasil.alperprojetos.com.br\/index.php\/wp-json\/wp\/v2\/posts\/72840","targetHints":{"allow":["GET"]}}],"collection":[{"href":"https:\/\/mx1gpbrasil.alperprojetos.com.br\/index.php\/wp-json\/wp\/v2\/posts"}],"about":[{"href":"https:\/\/mx1gpbrasil.alperprojetos.com.br\/index.php\/wp-json\/wp\/v2\/types\/post"}],"author":[{"embeddable":true,"href":"https:\/\/mx1gpbrasil.alperprojetos.com.br\/index.php\/wp-json\/wp\/v2\/users\/1"}],"replies":[{"embeddable":true,"href":"https:\/\/mx1gpbrasil.alperprojetos.com.br\/index.php\/wp-json\/wp\/v2\/comments?post=72840"}],"version-history":[{"count":0,"href":"https:\/\/mx1gpbrasil.alperprojetos.com.br\/index.php\/wp-json\/wp\/v2\/posts\/72840\/revisions"}],"wp:featuredmedia":[{"embeddable":true,"href":"https:\/\/mx1gpbrasil.alperprojetos.com.br\/index.php\/wp-json\/wp\/v2\/media\/73337"}],"wp:attachment":[{"href":"https:\/\/mx1gpbrasil.alperprojetos.com.br\/index.php\/wp-json\/wp\/v2\/media?parent=72840"}],"wp:term":[{"taxonomy":"category","embeddable":true,"href":"https:\/\/mx1gpbrasil.alperprojetos.com.br\/index.php\/wp-json\/wp\/v2\/categories?post=72840"},{"taxonomy":"post_tag","embeddable":true,"href":"https:\/\/mx1gpbrasil.alperprojetos.com.br\/index.php\/wp-json\/wp\/v2\/tags?post=72840"}],"curies":[{"name":"wp","href":"https:\/\/api.w.org\/{rel}","templated":true}]}}