{"id":72850,"date":"2026-06-09T17:00:00","date_gmt":"2026-06-09T20:00:00","guid":{"rendered":"https:\/\/mx1gpbrasil.com.br\/?p=72850"},"modified":"2026-06-09T17:00:00","modified_gmt":"2026-06-09T20:00:00","slug":"mx1-gp-brasil-abre-credenciamento-de-imprensa-para-etapa-de-goiania","status":"publish","type":"post","link":"https:\/\/mx1gpbrasil.alperprojetos.com.br\/index.php\/2026\/06\/09\/mx1-gp-brasil-abre-credenciamento-de-imprensa-para-etapa-de-goiania\/","title":{"rendered":"MX1 GP Brasil abre credenciamento de imprensa para etapa de Goi\u00e2nia"},"content":{"rendered":"\n<p class=\"wp-block-paragraph\">Profissionais de comunica\u00e7\u00e3o interessados em cobrir a 6\u00aa etapa do MX1 GP Brasil Sportbay que acontece de 18 \u00e0 21 de junho, j\u00e1 podem solicitar seu credenciamento. O processo est\u00e1 aberto para jornalistas, fot\u00f3grafos, cinegrafistas e demais ve\u00edculos especializados que desejam acompanhar de perto todas as emo\u00e7\u00f5es do principal campeonato de motocross da Am\u00e9rica Latina.<\/p>\n\n\n\n<p class=\"wp-block-paragraph\">A pr\u00f3xima etapa da temporada ser\u00e1 realizada em Goi\u00e2nia (GO), Rodovia GO 020, KM 07, e promete mais um fim de semana de grandes disputas, reunindo os principais pilotos do Brasil e do continente em uma das fases decisivas do campeonato.<br>O credenciamento \u00e9 obrigat\u00f3rio para acesso \u00e0s \u00e1reas destinadas \u00e0 imprensa e dever\u00e1 ser solicitado dentro do prazo estabelecido pela organiza\u00e7\u00e3o.<\/p>\n\n\n\n<p class=\"wp-block-paragraph\">As solicita\u00e7\u00f5es ser\u00e3o recebidas at\u00e9 o dia 14 de junho, \u00e0s 18h. Ap\u00f3s a an\u00e1lise dos pedidos, todas as solicita\u00e7\u00f5es receber\u00e3o um retorno e as orienta\u00e7\u00f5es para retirada das credenciais.<\/p>\n\n\n\n<p class=\"wp-block-paragraph\">Link para credenciamento:<br><a href=\"https:\/\/forms.gle\/9cFt5GUTzjM3tofr5\">https:\/\/forms.gle\/9cFt5GUTzjM3tofr5<\/a><\/p>\n\n\n\n<p class=\"wp-block-paragraph\">A organiza\u00e7\u00e3o refor\u00e7a que o envio da solicita\u00e7\u00e3o n\u00e3o garante a aprova\u00e7\u00e3o autom\u00e1tica do credenciamento, que estar\u00e1 sujeito \u00e0 avalia\u00e7\u00e3o dos crit\u00e9rios estabelecidos pelo departamento de comunica\u00e7\u00e3o do evento.<\/p>\n\n\n\n<p class=\"wp-block-paragraph\">O MX1 GP Brasil Sportbay segue consolidado como uma das principais competi\u00e7\u00f5es do motocross internacional, proporcionando disputas de alto n\u00edvel e ampla cobertura da imprensa especializada em cada etapa da temporada.<\/p>\n","protected":false},"excerpt":{"rendered":"<p>Profissionais de comunica\u00e7\u00e3o interessados em cobrir a 6\u00aa etapa do MX1 GP Brasil Sportbay que acontece de 18 \u00e0 21 de junho, j\u00e1 podem solicitar seu credenciamento. O processo est\u00e1 aberto para jornalistas, fot\u00f3grafos, cinegrafistas e demais ve\u00edculos especializados que desejam acompanhar de perto todas as emo\u00e7\u00f5es do principal campeonato de motocross da Am\u00e9rica Latina. [&hellip;]<\/p>\n","protected":false},"author":1,"featured_media":72851,"comment_status":"closed","ping_status":"open","sticky":false,"template":"","format":"standard","meta":{"footnotes":""},"categories":[133],"tags":[],"class_list":["post-72850","post","type-post","status-publish","format-standard","has-post-thumbnail","hentry","category-motocross"],"_links":{"self":[{"href":"https:\/\/mx1gpbrasil.alperprojetos.com.br\/index.php\/wp-json\/wp\/v2\/posts\/72850","targetHints":{"allow":["GET"]}}],"collection":[{"href":"https:\/\/mx1gpbrasil.alperprojetos.com.br\/index.php\/wp-json\/wp\/v2\/posts"}],"about":[{"href":"https:\/\/mx1gpbrasil.alperprojetos.com.br\/index.php\/wp-json\/wp\/v2\/types\/post"}],"author":[{"embeddable":true,"href":"https:\/\/mx1gpbrasil.alperprojetos.com.br\/index.php\/wp-json\/wp\/v2\/users\/1"}],"replies":[{"embeddable":true,"href":"https:\/\/mx1gpbrasil.alperprojetos.com.br\/index.php\/wp-json\/wp\/v2\/comments?post=72850"}],"version-history":[{"count":0,"href":"https:\/\/mx1gpbrasil.alperprojetos.com.br\/index.php\/wp-json\/wp\/v2\/posts\/72850\/revisions"}],"wp:attachment":[{"href":"https:\/\/mx1gpbrasil.alperprojetos.com.br\/index.php\/wp-json\/wp\/v2\/media?parent=72850"}],"wp:term":[{"taxonomy":"category","embeddable":true,"href":"https:\/\/mx1gpbrasil.alperprojetos.com.br\/index.php\/wp-json\/wp\/v2\/categories?post=72850"},{"taxonomy":"post_tag","embeddable":true,"href":"https:\/\/mx1gpbrasil.alperprojetos.com.br\/index.php\/wp-json\/wp\/v2\/tags?post=72850"}],"curies":[{"name":"wp","href":"https:\/\/api.w.org\/{rel}","templated":true}]}}