{"id":72860,"date":"2026-06-11T11:32:37","date_gmt":"2026-06-11T14:32:37","guid":{"rendered":"https:\/\/mx1gpbrasil.com.br\/?p=72860"},"modified":"2026-06-11T11:32:37","modified_gmt":"2026-06-11T14:32:37","slug":"infraestrutura-de-ponta-acolhe-publico-recorde-e-desponta-como-trunfo-da-etapa-de-palmas-to","status":"publish","type":"post","link":"https:\/\/mx1gpbrasil.alperprojetos.com.br\/index.php\/2026\/06\/11\/infraestrutura-de-ponta-acolhe-publico-recorde-e-desponta-como-trunfo-da-etapa-de-palmas-to\/","title":{"rendered":"Infraestrutura de ponta acolhe p\u00fablico recorde e desponta como trunfo da etapa de Palmas\/TO"},"content":{"rendered":"\n<figure class=\"wp-block-gallery has-nested-images columns-default is-cropped wp-block-gallery-1 is-layout-flex wp-block-gallery-is-layout-flex\">\n<figure class=\"wp-block-image size-large\"><img decoding=\"async\" data-id=\"72869\" src=\"https:\/\/mx1gpbrasil.com.br\/wp-content\/uploads\/2026\/06\/MoZ-23-1-1024x683.jpg\" alt=\"\" class=\"wp-image-72869\"\/><\/figure>\n<\/figure>\n\n\n\n<p class=\"wp-block-paragraph\">Inesquec\u00edvel. A 5\u00aa etapa do MX1GP Brasil Sportbay 2026 consolidou ainda mais a cidade de Palmas como palco da maior competi\u00e7\u00e3o de motocross da Am\u00e9rica Latina. Conforme as autoridades, aproximadamente 65 mil pessoas lotaram as arquibancadas e o paddock durante os dias 4, 5 e 6 de junho, na capital do Tocantins.<\/p>\n\n\n\n<p class=\"wp-block-paragraph\">Pelo terceiro ano consecutivo, a infraestrutura montada no Parque Sussuapara entregou dinamismo e conforto a todos os presentes: arquibancadas, camarotes e pra\u00e7a de alimenta\u00e7\u00e3o completamente cobertos; \u00e1reas VIP e destinadas ao staff, com vis\u00e3o total da pista e climatizadas; fornecimento de energia el\u00e9trica e abastecimento de \u00e1gua aos boxes; e banheiros modernos e climatizados em diferentes pontos do paddock.<\/p>\n\n\n\n<p class=\"wp-block-paragraph\">A intera\u00e7\u00e3o do p\u00fablico, somada \u00e0 participa\u00e7\u00e3o de atletas locais e de estados vizinhos, tamb\u00e9m traz originalidade cultural \u00e0 etapa. \u201cA etapa de Palmas tem um charme especial, acontecendo no per\u00edmetro urbano de uma capital extremamente planejada. O acolhimento local \u00e9 recompensador ano ap\u00f3s ano\u201d, avalia Firmo Henrique Alves, CEO da Promox, promotora do MX1GP Brasil Sportbay, que tamb\u00e9m destaca a parceria com a Federa\u00e7\u00e3o Tocantinense de Motociclismo (FTM).<\/p>\n\n\n\n<p class=\"wp-block-paragraph\">Al\u00e9m de fomentar a economia local, com alta demanda da rede hoteleira e o impulsionamento do com\u00e9rcio e do turismo, o evento tamb\u00e9m teve como benef\u00edcio o elemento solidariedade. A entrada teve cobran\u00e7a simb\u00f3lica de 2 quilos de alimentos, que ser\u00e3o destinados a entidades do munic\u00edpio.<\/p>\n\n\n\n<p class=\"wp-block-paragraph\"><strong>MX1GP Brasil retorna ao Centro-Oeste do pa\u00eds<\/strong><\/p>\n\n\n\n<p class=\"wp-block-paragraph\">Em ritmo acelerado, o MX1GP Brasil chegou \u00e0 metade da temporada em dois meses, passando por tr\u00eas regi\u00f5es do pa\u00eds. Agora, a competi\u00e7\u00e3o retorna ao Centro-Oeste. A 6\u00aa etapa acontecer\u00e1 em Goi\u00e2nia, capital de Goi\u00e1s, durante os dias 18, 19, 20 e 21 de junho.<\/p>\n\n\n\n<p class=\"wp-block-paragraph\">Compromissada em atender o m\u00e1ximo de regi\u00f5es poss\u00edveis, a Promox encaixou um calend\u00e1rio com etapas em todas as regi\u00f5es do pa\u00eds. As tr\u00eas primeiras foram no Sul (Canelinha-SC, Ponta Grossa-PR e Castro-PR), seguidas pelo Centro-Oeste (Cuiab\u00e1-MT) e por Palmas (Norte). A competi\u00e7\u00e3o tamb\u00e9m tem etapas confirmadas no Nordeste e Sudeste.<\/p>\n\n\n\n<p class=\"wp-block-paragraph\"><strong><em>Texto: Ed Moreira&nbsp;<\/em><\/strong><em>\u2013 Jornalista MX1GP Brasil<br><strong>Fotos:<\/strong>&nbsp;Matheus Zem \u2013 Studio MOZ \u2013 MX1GP Brasil<\/em><\/p>\n\n\n\n<figure class=\"wp-block-gallery has-nested-images columns-default is-cropped wp-block-gallery-2 is-layout-flex wp-block-gallery-is-layout-flex\">\n<figure class=\"wp-block-image size-large\"><img decoding=\"async\" data-id=\"72861\" src=\"https:\/\/mx1gpbrasil.com.br\/wp-content\/uploads\/2026\/06\/MoZ-21-1024x683.jpg\" alt=\"\" class=\"wp-image-72861\"\/><\/figure>\n\n\n\n<figure class=\"wp-block-image size-large\"><img decoding=\"async\" data-id=\"72862\" src=\"https:\/\/mx1gpbrasil.com.br\/wp-content\/uploads\/2026\/06\/MoZ-22-1024x683.jpg\" alt=\"\" class=\"wp-image-72862\"\/><\/figure>\n\n\n\n<figure class=\"wp-block-image size-large\"><img decoding=\"async\" data-id=\"72863\" src=\"https:\/\/mx1gpbrasil.com.br\/wp-content\/uploads\/2026\/06\/MoZ-24-1024x683.jpg\" alt=\"\" class=\"wp-image-72863\"\/><\/figure>\n\n\n\n<figure class=\"wp-block-image size-large\"><img decoding=\"async\" data-id=\"72868\" src=\"https:\/\/mx1gpbrasil.com.br\/wp-content\/uploads\/2026\/06\/MoZ-23-1024x683.jpg\" alt=\"\" class=\"wp-image-72868\"\/><\/figure>\n\n\n\n<figure class=\"wp-block-image size-large\"><img decoding=\"async\" data-id=\"72867\" src=\"https:\/\/mx1gpbrasil.com.br\/wp-content\/uploads\/2026\/06\/MoZ-1-1024x683.jpg\" alt=\"\" class=\"wp-image-72867\"\/><\/figure>\n\n\n\n<figure class=\"wp-block-image size-large\"><img decoding=\"async\" data-id=\"72866\" src=\"https:\/\/mx1gpbrasil.com.br\/wp-content\/uploads\/2026\/06\/MoZ-29-1024x683.jpg\" alt=\"\" class=\"wp-image-72866\"\/><\/figure>\n\n\n\n<figure class=\"wp-block-image size-large\"><img decoding=\"async\" data-id=\"72865\" src=\"https:\/\/mx1gpbrasil.com.br\/wp-content\/uploads\/2026\/06\/MoZ-70-683x1024.jpg\" alt=\"\" class=\"wp-image-72865\"\/><\/figure>\n\n\n\n<figure class=\"wp-block-image size-large\"><img decoding=\"async\" data-id=\"72864\" src=\"https:\/\/mx1gpbrasil.com.br\/wp-content\/uploads\/2026\/06\/MoZ-39-683x1024.jpg\" alt=\"\" class=\"wp-image-72864\"\/><\/figure>\n\n\n\n<figure class=\"wp-block-image size-large\"><img decoding=\"async\" data-id=\"72848\" src=\"https:\/\/mx1gpbrasil.com.br\/wp-content\/uploads\/2026\/06\/Domingo_MoZ_Podios-6-1-1024x576.jpg\" alt=\"\" class=\"wp-image-72848\"\/><\/figure>\n<\/figure>\n\n\n\n<p class=\"wp-block-paragraph\"><\/p>\n","protected":false},"excerpt":{"rendered":"<p>Inesquec\u00edvel. A 5\u00aa etapa do MX1GP Brasil Sportbay 2026 consolidou ainda mais a cidade de Palmas como palco da maior competi\u00e7\u00e3o de motocross da Am\u00e9rica Latina. Conforme as autoridades, aproximadamente 65 mil pessoas lotaram as arquibancadas e o paddock durante os dias 4, 5 e 6 de junho, na capital do Tocantins. Pelo terceiro ano [&hellip;]<\/p>\n","protected":false},"author":1,"featured_media":73336,"comment_status":"closed","ping_status":"open","sticky":false,"template":"","format":"standard","meta":{"footnotes":""},"categories":[133],"tags":[],"class_list":["post-72860","post","type-post","status-publish","format-standard","has-post-thumbnail","hentry","category-motocross"],"_links":{"self":[{"href":"https:\/\/mx1gpbrasil.alperprojetos.com.br\/index.php\/wp-json\/wp\/v2\/posts\/72860","targetHints":{"allow":["GET"]}}],"collection":[{"href":"https:\/\/mx1gpbrasil.alperprojetos.com.br\/index.php\/wp-json\/wp\/v2\/posts"}],"about":[{"href":"https:\/\/mx1gpbrasil.alperprojetos.com.br\/index.php\/wp-json\/wp\/v2\/types\/post"}],"author":[{"embeddable":true,"href":"https:\/\/mx1gpbrasil.alperprojetos.com.br\/index.php\/wp-json\/wp\/v2\/users\/1"}],"replies":[{"embeddable":true,"href":"https:\/\/mx1gpbrasil.alperprojetos.com.br\/index.php\/wp-json\/wp\/v2\/comments?post=72860"}],"version-history":[{"count":0,"href":"https:\/\/mx1gpbrasil.alperprojetos.com.br\/index.php\/wp-json\/wp\/v2\/posts\/72860\/revisions"}],"wp:featuredmedia":[{"embeddable":true,"href":"https:\/\/mx1gpbrasil.alperprojetos.com.br\/index.php\/wp-json\/wp\/v2\/media\/73336"}],"wp:attachment":[{"href":"https:\/\/mx1gpbrasil.alperprojetos.com.br\/index.php\/wp-json\/wp\/v2\/media?parent=72860"}],"wp:term":[{"taxonomy":"category","embeddable":true,"href":"https:\/\/mx1gpbrasil.alperprojetos.com.br\/index.php\/wp-json\/wp\/v2\/categories?post=72860"},{"taxonomy":"post_tag","embeddable":true,"href":"https:\/\/mx1gpbrasil.alperprojetos.com.br\/index.php\/wp-json\/wp\/v2\/tags?post=72860"}],"curies":[{"name":"wp","href":"https:\/\/api.w.org\/{rel}","templated":true}]}}