{"id":72872,"date":"2026-06-11T15:58:17","date_gmt":"2026-06-11T18:58:17","guid":{"rendered":"https:\/\/mx1gpbrasil.com.br\/?p=72872"},"modified":"2026-06-11T15:58:17","modified_gmt":"2026-06-11T18:58:17","slug":"apos-quase-tres-decadas-goiania-reencontra-o-motocross-brasileiro-ao-receber-a-6a-etapa-do-mx1gp-brasil","status":"publish","type":"post","link":"https:\/\/mx1gpbrasil.alperprojetos.com.br\/index.php\/2026\/06\/11\/apos-quase-tres-decadas-goiania-reencontra-o-motocross-brasileiro-ao-receber-a-6a-etapa-do-mx1gp-brasil\/","title":{"rendered":"Ap\u00f3s quase tr\u00eas d\u00e9cadas, Goi\u00e2nia reencontra o motocross brasileiro ao receber a 6\u00aa etapa do MX1GP Brasil"},"content":{"rendered":"\n<figure class=\"wp-block-image size-large\"><img decoding=\"async\" src=\"https:\/\/mx1gpbrasil.com.br\/wp-content\/uploads\/2026\/06\/IMG_0620.JPG-1-1-1024x576.jpeg\" alt=\"\" class=\"wp-image-72876\"\/><figcaption class=\"wp-element-caption\">Screenshot<\/figcaption><\/figure>\n\n\n\n<p class=\"wp-block-paragraph\">O MX1GP Brasil chega a uma capital que h\u00e1 28 anos n\u00e3o recebia uma etapa nacional de motocross. No mesmo ano em que sediou o MotoGP, Goi\u00e2nia est\u00e1 pronta para se tornar palco da maior competi\u00e7\u00e3o da Am\u00e9rica Latina. Entre os dias 18 e 21 de junho, mais de 300 pilotos de 22 pa\u00edses estar\u00e3o presentes na grandiosa estrutura que est\u00e1 sendo montada \u00e0s margens do km 7 da Rodovia GO-020. O evento abre a reta final do campeonato, com sua sexta de possivelmente nove rodadas.<\/p>\n\n\n\n<p class=\"wp-block-paragraph\">A 6\u00aa etapa do MX1GP Brasil Sportbay 2026, que tamb\u00e9m ter\u00e1 pontos em disputa pela segunda rodada do Campeonato Goiano de Motocross, come\u00e7a na quinta-feira, dia 18, com a chegada das equipes e dos pilotos, al\u00e9m dos servi\u00e7os de vistoria e cronometragem. As visitas ao paddock abrem na sexta-feira, dia 19, quando seguem os servi\u00e7os de secretaria e vistoria da competi\u00e7\u00e3o nacional, al\u00e9m das primeiras movimenta\u00e7\u00f5es nas pistas por ambas as competi\u00e7\u00f5es.<\/p>\n\n\n\n<p class=\"wp-block-paragraph\">As provas classificat\u00f3rias e oficiais do MX1GP Brasil acontecem ao longo de s\u00e1bado, dia 20, e domingo, dia 21. Excepcionalmente, as classes principais ter\u00e3o atividades durante os dois dias, com destaque para duas largadas da bateria unificada de MX1\/MX2. A programa\u00e7\u00e3o diferenciada acontece devido \u00e0 continuidade da readequa\u00e7\u00e3o das provas n\u00e3o realizadas na 3\u00aa etapa (em Castro\/PR). Sendo assim, a YZ125 tamb\u00e9m ter\u00e1 cronograma dobrado. As demais classes presentes em Goi\u00e2nia ser\u00e3o 50cc, 60cc, MXJR, MX2JR, MX3, MX4 e MXF.<\/p>\n\n\n\n<p class=\"wp-block-paragraph\">Conforme o diretor de motocross da Confedera\u00e7\u00e3o Brasileira de Motociclismo (CBM) e presidente da Federa\u00e7\u00e3o de Motociclismo do Estado de Goi\u00e1s (FMG), Wesley Magalh\u00e3es, o paddock ser\u00e1 amplo e dispor\u00e1 de pra\u00e7as de alimenta\u00e7\u00e3o e neg\u00f3cios, ativa\u00e7\u00f5es de marcas do segmento esportivo, banheiros, arquibancadas, camarotes e \u00e1rea kids. \u201cO evento vai muito al\u00e9m da pista; \u00e9 um espa\u00e7o de entretenimento para pessoas de todas as idades\u201d, comenta. A entrada \u00e9 gratuita.<\/p>\n\n\n\n<p class=\"wp-block-paragraph\">Ainda, Magalh\u00e3es tamb\u00e9m pontua que a pista \u00e9 nova e est\u00e1 em processo de finaliza\u00e7\u00e3o de montagem. A extens\u00e3o deve ficar na faixa de 1.700 metros, com boa visualiza\u00e7\u00e3o para o p\u00fablico.<\/p>\n\n\n\n<p class=\"wp-block-paragraph\"><strong>\u00c1reas verdes, voca\u00e7\u00e3o urbana e tradi\u00e7\u00e3o sertaneja<\/strong><\/p>\n\n\n\n<figure class=\"wp-block-image size-large\"><img decoding=\"async\" src=\"https:\/\/mx1gpbrasil.com.br\/wp-content\/uploads\/2026\/06\/reflexo-dos-predios-que-1024x768.jpg\" alt=\"\" class=\"wp-image-72873\"\/><\/figure>\n\n\n\n<p class=\"wp-block-paragraph\">A terra do sertanejo destaca-se como um destino que une o charme de uma metr\u00f3pole planejada \u00e0 tranquilidade de uma das capitais mais arborizadas do pa\u00eds. Conhecida por suas \u00e1reas verdes e pelo planejamento urbano diferenciado, a capital de Goi\u00e1s abriga parques emblem\u00e1ticos, como o Flamboyant, o Vaca Brava e o Bosque dos Buritis, al\u00e9m do moderno Centro Cultural Oscar Niemeyer e do Memorial do Cerrado.<\/p>\n\n\n\n<p class=\"wp-block-paragraph\">A cidade tamb\u00e9m se destaca pelo forte turismo de neg\u00f3cios e eventos, gra\u00e7as \u00e0 sua localiza\u00e7\u00e3o estrat\u00e9gica e \u00e0 moderna rede hoteleira. Al\u00e9m disso, a rica cena gastron\u00f4mica, os tradicionais mercados, a valoriza\u00e7\u00e3o da m\u00fasica sertaneja e a proximidade com destinos tur\u00edsticos consagrados de Goi\u00e1s tornam Goi\u00e2nia uma porta de entrada privilegiada para quem deseja conhecer a cultura, a hospitalidade e as belezas da regi\u00e3o.<\/p>\n\n\n\n<p class=\"wp-block-paragraph\">Os \u201croteiros alongados\u201d pedem visita \u00e0 Chapada dos Veadeiros e, para os nacionalistas, \u00e0 Pra\u00e7a dos Tr\u00eas Poderes, em Bras\u00edlia.<\/p>\n\n\n\n<p class=\"wp-block-paragraph\"><strong><em>Texto: Ed Moreira&nbsp;<\/em><\/strong><em>\u2013 Jornalista MX1GP Brasil<\/em><\/p>\n","protected":false},"excerpt":{"rendered":"<p>O MX1GP Brasil chega a uma capital que h\u00e1 28 anos n\u00e3o recebia uma etapa nacional de motocross. No mesmo ano em que sediou o MotoGP, Goi\u00e2nia est\u00e1 pronta para se tornar palco da maior competi\u00e7\u00e3o da Am\u00e9rica Latina. Entre os dias 18 e 21 de junho, mais de 300 pilotos de 22 pa\u00edses estar\u00e3o [&hellip;]<\/p>\n","protected":false},"author":1,"featured_media":73335,"comment_status":"closed","ping_status":"open","sticky":false,"template":"","format":"standard","meta":{"footnotes":""},"categories":[133],"tags":[],"class_list":["post-72872","post","type-post","status-publish","format-standard","has-post-thumbnail","hentry","category-motocross"],"_links":{"self":[{"href":"https:\/\/mx1gpbrasil.alperprojetos.com.br\/index.php\/wp-json\/wp\/v2\/posts\/72872","targetHints":{"allow":["GET"]}}],"collection":[{"href":"https:\/\/mx1gpbrasil.alperprojetos.com.br\/index.php\/wp-json\/wp\/v2\/posts"}],"about":[{"href":"https:\/\/mx1gpbrasil.alperprojetos.com.br\/index.php\/wp-json\/wp\/v2\/types\/post"}],"author":[{"embeddable":true,"href":"https:\/\/mx1gpbrasil.alperprojetos.com.br\/index.php\/wp-json\/wp\/v2\/users\/1"}],"replies":[{"embeddable":true,"href":"https:\/\/mx1gpbrasil.alperprojetos.com.br\/index.php\/wp-json\/wp\/v2\/comments?post=72872"}],"version-history":[{"count":0,"href":"https:\/\/mx1gpbrasil.alperprojetos.com.br\/index.php\/wp-json\/wp\/v2\/posts\/72872\/revisions"}],"wp:featuredmedia":[{"embeddable":true,"href":"https:\/\/mx1gpbrasil.alperprojetos.com.br\/index.php\/wp-json\/wp\/v2\/media\/73335"}],"wp:attachment":[{"href":"https:\/\/mx1gpbrasil.alperprojetos.com.br\/index.php\/wp-json\/wp\/v2\/media?parent=72872"}],"wp:term":[{"taxonomy":"category","embeddable":true,"href":"https:\/\/mx1gpbrasil.alperprojetos.com.br\/index.php\/wp-json\/wp\/v2\/categories?post=72872"},{"taxonomy":"post_tag","embeddable":true,"href":"https:\/\/mx1gpbrasil.alperprojetos.com.br\/index.php\/wp-json\/wp\/v2\/tags?post=72872"}],"curies":[{"name":"wp","href":"https:\/\/api.w.org\/{rel}","templated":true}]}}