{"id":72878,"date":"2026-06-15T00:22:39","date_gmt":"2026-06-15T03:22:39","guid":{"rendered":"https:\/\/mx1gpbrasil.com.br\/?p=72878"},"modified":"2026-06-15T00:22:39","modified_gmt":"2026-06-15T03:22:39","slug":"acao-sustentavel-volta-a-mobilizar-paddock-do-mx1gp-brasil-em-palmas-to","status":"publish","type":"post","link":"https:\/\/mx1gpbrasil.alperprojetos.com.br\/index.php\/2026\/06\/15\/acao-sustentavel-volta-a-mobilizar-paddock-do-mx1gp-brasil-em-palmas-to\/","title":{"rendered":"A\u00e7\u00e3o sustent\u00e1vel volta a mobilizar pilotos do MX1GP Brasil em Palmas\/TO"},"content":{"rendered":"\n<figure class=\"wp-block-gallery has-nested-images columns-default is-cropped wp-block-gallery-1 is-layout-flex wp-block-gallery-is-layout-flex\">\n<figure class=\"wp-block-image size-large\"><img decoding=\"async\" data-id=\"72879\" src=\"https:\/\/mx1gpbrasil.com.br\/wp-content\/uploads\/2026\/06\/MoZ-53-1024x683.jpg\" alt=\"\" class=\"wp-image-72879\"\/><\/figure>\n<\/figure>\n\n\n\n<p class=\"wp-block-paragraph\">Para al\u00e9m do recorde de p\u00fablico e das provas emocionantes, a 5\u00aa etapa do MX1GP Brasil Sportbay 2026 tamb\u00e9m se destacou pela repeti\u00e7\u00e3o de uma a\u00e7\u00e3o sustent\u00e1vel. Assim como no ano passado, a Associa\u00e7\u00e3o de Cr\u00e9dito de Carbono e Metano do Norte e Centro-Oeste do Brasil (ACCNB) promoveu o plantio de \u00e1rvores nativas.<\/p>\n\n\n\n<p class=\"wp-block-paragraph\">A atividade, realizada em conjunto com a Promox e a Federa\u00e7\u00e3o de Motociclismo do Estado do Tocantins (FMT), refor\u00e7a o compromisso do esporte com o futuro do planeta. O plantio foi feito pelos pilotos Enzo Lopes, Jeremy van Horebeek e Pietro Piroli, da Honda Racing; Benjamin Garib e Luanna Neves, da JP Pro Honda Baterias Pioneiro; pela pilota Fernanda Fabris e as &#8220;promoters&#8221; da Rinaldi Pneus.<\/p>\n\n\n\n<p class=\"wp-block-paragraph\">As \u00e1rvores plantadas v\u00e3o servir para ampliar, nos pr\u00f3ximos anos, uma \u00e1rea de sombra natural, tornando o ambiente mais fresco e agrad\u00e1vel para pilotos, equipes, staff e p\u00fablico. A a\u00e7\u00e3o serve, ainda, como compensa\u00e7\u00e3o pelas \u00e1rvores retiradas para a constru\u00e7\u00e3o da pista e contribui para a neutraliza\u00e7\u00e3o das emiss\u00f5es de carbono geradas pelo evento. Um movimento simples, ecol\u00f3gico e conscientizador, com resultados ben\u00e9ficos a longo prazo.<\/p>\n\n\n\n<p class=\"wp-block-paragraph\"><strong><em>Texto: Ed Moreira\u00a0<\/em><\/strong><em>\u2013 Jornalista MX1GP Brasil<br><strong>Fotos:<\/strong>\u00a0Matheus Zem \u2013 Studio MOZ \u2013 MX1GP Brasil<\/em><\/p>\n\n\n\n<figure class=\"wp-block-gallery has-nested-images columns-default is-cropped wp-block-gallery-2 is-layout-flex wp-block-gallery-is-layout-flex\">\n<figure class=\"wp-block-image size-large\"><img decoding=\"async\" data-id=\"72884\" src=\"https:\/\/mx1gpbrasil.com.br\/wp-content\/uploads\/2026\/06\/MoZ-66-1024x683.jpg\" alt=\"\" class=\"wp-image-72884\"\/><\/figure>\n\n\n\n<figure class=\"wp-block-image size-large\"><img decoding=\"async\" data-id=\"72882\" src=\"https:\/\/mx1gpbrasil.com.br\/wp-content\/uploads\/2026\/06\/MoZ-61-683x1024.jpg\" alt=\"\" class=\"wp-image-72882\"\/><\/figure>\n\n\n\n<figure class=\"wp-block-image size-large\"><img decoding=\"async\" data-id=\"72885\" src=\"https:\/\/mx1gpbrasil.com.br\/wp-content\/uploads\/2026\/06\/MoZ-57-1024x683.jpg\" alt=\"\" class=\"wp-image-72885\"\/><\/figure>\n\n\n\n<figure class=\"wp-block-image size-large\"><img decoding=\"async\" data-id=\"72881\" src=\"https:\/\/mx1gpbrasil.com.br\/wp-content\/uploads\/2026\/06\/MoZ-55-1024x683.jpg\" alt=\"\" class=\"wp-image-72881\"\/><\/figure>\n\n\n\n<figure class=\"wp-block-image size-large\"><img decoding=\"async\" data-id=\"72883\" src=\"https:\/\/mx1gpbrasil.com.br\/wp-content\/uploads\/2026\/06\/MoZ-50-683x1024.jpg\" alt=\"\" class=\"wp-image-72883\"\/><\/figure>\n\n\n\n<figure class=\"wp-block-image size-large\"><img decoding=\"async\" data-id=\"72880\" src=\"https:\/\/mx1gpbrasil.com.br\/wp-content\/uploads\/2026\/06\/MoZ-49-683x1024.jpg\" alt=\"\" class=\"wp-image-72880\"\/><\/figure>\n\n\n\n<figure class=\"wp-block-image size-large\"><img decoding=\"async\" data-id=\"72886\" src=\"https:\/\/mx1gpbrasil.com.br\/wp-content\/uploads\/2026\/06\/MoZ-45-683x1024.jpg\" alt=\"\" class=\"wp-image-72886\"\/><\/figure>\n<\/figure>\n\n\n\n<figure class=\"wp-block-gallery has-nested-images columns-default is-cropped wp-block-gallery-3 is-layout-flex wp-block-gallery-is-layout-flex\">\n<figure class=\"wp-block-image size-large\"><img decoding=\"async\" data-id=\"72887\" src=\"https:\/\/mx1gpbrasil.com.br\/wp-content\/uploads\/2026\/06\/MoZ-41-683x1024.jpg\" alt=\"\" class=\"wp-image-72887\"\/><\/figure>\n<\/figure>\n","protected":false},"excerpt":{"rendered":"<p>Para al\u00e9m do recorde de p\u00fablico e das provas emocionantes, a 5\u00aa etapa do MX1GP Brasil Sportbay 2026 tamb\u00e9m se destacou pela repeti\u00e7\u00e3o de uma a\u00e7\u00e3o sustent\u00e1vel. Assim como no ano passado, a Associa\u00e7\u00e3o de Cr\u00e9dito de Carbono e Metano do Norte e Centro-Oeste do Brasil (ACCNB) promoveu o plantio de \u00e1rvores nativas. A atividade, [&hellip;]<\/p>\n","protected":false},"author":1,"featured_media":73334,"comment_status":"closed","ping_status":"open","sticky":false,"template":"","format":"standard","meta":{"footnotes":""},"categories":[133],"tags":[],"class_list":["post-72878","post","type-post","status-publish","format-standard","has-post-thumbnail","hentry","category-motocross"],"_links":{"self":[{"href":"https:\/\/mx1gpbrasil.alperprojetos.com.br\/index.php\/wp-json\/wp\/v2\/posts\/72878","targetHints":{"allow":["GET"]}}],"collection":[{"href":"https:\/\/mx1gpbrasil.alperprojetos.com.br\/index.php\/wp-json\/wp\/v2\/posts"}],"about":[{"href":"https:\/\/mx1gpbrasil.alperprojetos.com.br\/index.php\/wp-json\/wp\/v2\/types\/post"}],"author":[{"embeddable":true,"href":"https:\/\/mx1gpbrasil.alperprojetos.com.br\/index.php\/wp-json\/wp\/v2\/users\/1"}],"replies":[{"embeddable":true,"href":"https:\/\/mx1gpbrasil.alperprojetos.com.br\/index.php\/wp-json\/wp\/v2\/comments?post=72878"}],"version-history":[{"count":0,"href":"https:\/\/mx1gpbrasil.alperprojetos.com.br\/index.php\/wp-json\/wp\/v2\/posts\/72878\/revisions"}],"wp:featuredmedia":[{"embeddable":true,"href":"https:\/\/mx1gpbrasil.alperprojetos.com.br\/index.php\/wp-json\/wp\/v2\/media\/73334"}],"wp:attachment":[{"href":"https:\/\/mx1gpbrasil.alperprojetos.com.br\/index.php\/wp-json\/wp\/v2\/media?parent=72878"}],"wp:term":[{"taxonomy":"category","embeddable":true,"href":"https:\/\/mx1gpbrasil.alperprojetos.com.br\/index.php\/wp-json\/wp\/v2\/categories?post=72878"},{"taxonomy":"post_tag","embeddable":true,"href":"https:\/\/mx1gpbrasil.alperprojetos.com.br\/index.php\/wp-json\/wp\/v2\/tags?post=72878"}],"curies":[{"name":"wp","href":"https:\/\/api.w.org\/{rel}","templated":true}]}}