{"id":72891,"date":"2026-06-15T19:29:00","date_gmt":"2026-06-15T22:29:00","guid":{"rendered":"https:\/\/mx1gpbrasil.com.br\/?p=72891"},"modified":"2026-06-15T19:29:00","modified_gmt":"2026-06-15T22:29:00","slug":"coletiva-de-imprensa-promove-6a-etapa-do-mx1gp-brasil-sportbay","status":"publish","type":"post","link":"https:\/\/mx1gpbrasil.alperprojetos.com.br\/index.php\/2026\/06\/15\/coletiva-de-imprensa-promove-6a-etapa-do-mx1gp-brasil-sportbay\/","title":{"rendered":"Coletiva de imprensa promove 6\u00aa etapa do MX1GP Brasil Sportbay"},"content":{"rendered":"\n<figure class=\"wp-block-image size-large\"><img decoding=\"async\" src=\"https:\/\/mx1gpbrasil.com.br\/wp-content\/uploads\/2026\/06\/WhatsApp-Image-2026-06-15-at-15.38.10-1-1024x682.jpeg\" alt=\"\" class=\"wp-image-72910\"\/><\/figure>\n\n\n\n<p class=\"wp-block-paragraph\">Goi\u00e2nia est\u00e1 em contagem regressiva para mais um evento de magnitude internacional no motociclismo. Depois de sediar o MotoGP, a capital do estado de Goi\u00e1s ser\u00e1 palco da 6\u00aa etapa do MX1GP Brasil, o maior campeonato de motocross da Am\u00e9rica Latina. Nesta segunda-feira, 15, autoridades e pilotos participaram de coletiva de imprensa promocional ao evento, que acontece entre os dias 18 e 21 de junho, \u00e0s margens do km 07 da Rodovia GO-020.<\/p>\n\n\n\n<p class=\"wp-block-paragraph\">O prefeito Sandro Mabel destacou o evento como uma consolida\u00e7\u00e3o do munic\u00edpio como palco de grandes eventos relacionados ao motociclismo. \u201cGoi\u00e2nia j\u00e1 trouxe MotoGP e agora tr\u00e1s um campeonato internacional de motocross, o que nos d\u00e1 a certeza de que n\u00f3s iremos progredir ainda mais. Estamos felizes em trazer esses eventos, pois \u00e9 uma forma do goianiense vir se divertir com sua fam\u00edlia e amigos\u201d, destacou, ao frisar a parceria da gest\u00e3o com o Governo de Goi\u00e1s.<\/p>\n\n\n\n<p class=\"wp-block-paragraph\">Mabel esteve acompanhado dos secret\u00e1rios de Esporte e Lazer, Coronel Bites; de Efici\u00eancia, Fernando Peternella; de Comunica\u00e7\u00e3o, Jarbas Rodrigues; do chefe de gabinete Thiago Ferreira e do presidente da Goianiatur, Vin\u00edcius Gomes.<\/p>\n\n\n\n<p class=\"wp-block-paragraph\">A Promox, promotora do MX1GP Brasil, se fez representada pelo CEO Firmo Henrique Alves, que esteve acompanhado institucionalmente do presidente da Federa\u00e7\u00e3o de Motocilismo do Estado de Goi\u00e1s (FMG), Wesley Magalh\u00e3es, e do fundador da Image Hunter, Walmir Cunha.<\/p>\n\n\n\n<p class=\"wp-block-paragraph\">A a\u00e7\u00e3o tamb\u00e9m contou com a participa\u00e7\u00e3o dos pilotos da equipe Yamaha C6 Bank IMS: Glenn Coldenhoff, Luiz Filipe, Victor Hugo, Gustavo Maur\u00edcio e Jo\u00e3o Maur\u00edcio.<\/p>\n\n\n\n<p class=\"wp-block-paragraph\">Entre os ve\u00edculos de imprensa, registram presen\u00e7a: TV Anhanguera\/GE, TV Serra Verde, TV Serra Dourada, Portal Not\u00edcias Goi\u00e1s, De Olho No Social, Portal Cerrado Not\u00edcias, Jornal Op\u00e7\u00e3o, Not\u00edcias Goi\u00e1s, \u00c1uvaro Maia\/Na Marca do P\u00eanalti, entre outros.<\/p>\n\n\n\n<p class=\"wp-block-paragraph\"><strong>Goi\u00e2nia recebe etapa nacional depois de 28 anos<\/strong><\/p>\n\n\n\n<figure class=\"wp-block-image size-large\"><img decoding=\"async\" src=\"http:\/\/mx1gpbrasil.com.br\/wp-content\/uploads\/2026\/06\/Domingo_MoZ_Podios-6-1-1024x576.jpg\" alt=\"\" class=\"wp-image-72848\"\/><\/figure>\n\n\n\n<p class=\"wp-block-paragraph\">O MX1GP Brasil chega a uma capital que h\u00e1 28 anos n\u00e3o recebia uma etapa nacional de motocross. S\u00e3o esperados mais de 300 pilotos de 22 pa\u00edses na etapa que abre a reta final da competi\u00e7\u00e3o. As provas tamb\u00e9m ir\u00e3o valer pelos campeonatos Sul-Americano e Goiano.<\/p>\n\n\n\n<p class=\"wp-block-paragraph\">A programa\u00e7\u00e3o abre na quinta-feira, dia 18, com a chegada das equipes e dos pilotos, al\u00e9m dos servi\u00e7os de vistoria e cronometragem. As visitas ao paddock abrem na sexta-feira, dia 19, quando seguem os servi\u00e7os de secretaria e vistoria da competi\u00e7\u00e3o nacional, al\u00e9m das primeiras movimenta\u00e7\u00f5es na pista.<\/p>\n\n\n\n<p class=\"wp-block-paragraph\">Conforme o diretor de motocross da Confedera\u00e7\u00e3o Brasileira de Motociclismo (CBM) e presidente da Federa\u00e7\u00e3o de Motociclismo do Estado de Goi\u00e1s (FMG), Wesley Magalh\u00e3es, o paddock ser\u00e1 amplo e dispor\u00e1 de pra\u00e7as de alimenta\u00e7\u00e3o e neg\u00f3cios, ativa\u00e7\u00f5es de marcas do segmento esportivo, banheiros, arquibancadas, camarotes e \u00e1rea kids. \u201cO evento vai muito al\u00e9m da pista; \u00e9 um espa\u00e7o de entretenimento para pessoas de todas as idades\u201d, comenta. A entrada \u00e9 gratuita.<\/p>\n\n\n\n<p class=\"wp-block-paragraph\">Ainda, Magalh\u00e3es tamb\u00e9m pontua que a pista \u00e9 nova e est\u00e1 em processo de finaliza\u00e7\u00e3o de montagem. A extens\u00e3o deve ficar na faixa de 1.700 metros, com boa visualiza\u00e7\u00e3o para o p\u00fablico.<\/p>\n\n\n\n<p class=\"wp-block-paragraph\">A entrada ser\u00e1 gratuita, mediante \u00e0 doa\u00e7\u00e3o de 1 kg de alimento n\u00e3o perec\u00edvel.<\/p>\n\n\n\n<p class=\"wp-block-paragraph\"><strong>Fotos:<\/strong> Alex Malheiros<br><strong><em>Texto: Ed Moreira&nbsp;<\/em><\/strong><em>\u2013 Jornalista MX1GP Brasil<\/em><\/p>\n\n\n\n<figure class=\"wp-block-gallery has-nested-images columns-default is-cropped wp-block-gallery-1 is-layout-flex wp-block-gallery-is-layout-flex\">\n<figure class=\"wp-block-image size-large\"><img decoding=\"async\" data-id=\"72896\" src=\"https:\/\/mx1gpbrasil.com.br\/wp-content\/uploads\/2026\/06\/WhatsApp-Image-2026-06-15-at-15.38.08-1024x682.jpeg\" alt=\"\" class=\"wp-image-72896\"\/><\/figure>\n\n\n\n<figure class=\"wp-block-image size-large\"><img decoding=\"async\" data-id=\"72897\" src=\"https:\/\/mx1gpbrasil.com.br\/wp-content\/uploads\/2026\/06\/WhatsApp-Image-2026-06-15-at-15.38.07-2-1024x682.jpeg\" alt=\"\" class=\"wp-image-72897\"\/><\/figure>\n\n\n\n<figure class=\"wp-block-image size-large\"><img decoding=\"async\" data-id=\"72898\" src=\"https:\/\/mx1gpbrasil.com.br\/wp-content\/uploads\/2026\/06\/WhatsApp-Image-2026-06-15-at-15.38.07-1-1024x682.jpeg\" alt=\"\" class=\"wp-image-72898\"\/><\/figure>\n\n\n\n<figure class=\"wp-block-image size-large\"><img decoding=\"async\" data-id=\"72899\" src=\"https:\/\/mx1gpbrasil.com.br\/wp-content\/uploads\/2026\/06\/WhatsApp-Image-2026-06-15-at-15.38.07-1024x682.jpeg\" alt=\"\" class=\"wp-image-72899\"\/><\/figure>\n\n\n\n<figure class=\"wp-block-image size-large\"><img decoding=\"async\" data-id=\"72900\" src=\"https:\/\/mx1gpbrasil.com.br\/wp-content\/uploads\/2026\/06\/WhatsApp-Image-2026-06-15-at-15.38.06-3-1024x682.jpeg\" alt=\"\" class=\"wp-image-72900\"\/><\/figure>\n\n\n\n<figure class=\"wp-block-image size-large\"><img decoding=\"async\" data-id=\"72901\" src=\"https:\/\/mx1gpbrasil.com.br\/wp-content\/uploads\/2026\/06\/WhatsApp-Image-2026-06-15-at-15.38.06-2-1024x682.jpeg\" alt=\"\" class=\"wp-image-72901\"\/><\/figure>\n\n\n\n<figure class=\"wp-block-image size-large\"><img decoding=\"async\" data-id=\"72902\" src=\"https:\/\/mx1gpbrasil.com.br\/wp-content\/uploads\/2026\/06\/WhatsApp-Image-2026-06-15-at-15.38.06-1-1024x682.jpeg\" alt=\"\" class=\"wp-image-72902\"\/><\/figure>\n\n\n\n<figure class=\"wp-block-image size-large\"><img decoding=\"async\" data-id=\"72903\" src=\"https:\/\/mx1gpbrasil.com.br\/wp-content\/uploads\/2026\/06\/WhatsApp-Image-2026-06-15-at-15.38.06-1024x682.jpeg\" alt=\"\" class=\"wp-image-72903\"\/><\/figure>\n\n\n\n<figure class=\"wp-block-image size-large\"><img decoding=\"async\" data-id=\"72904\" src=\"https:\/\/mx1gpbrasil.com.br\/wp-content\/uploads\/2026\/06\/WhatsApp-Image-2026-06-15-at-15.38.05-2-1024x682.jpeg\" alt=\"\" class=\"wp-image-72904\"\/><\/figure>\n\n\n\n<figure class=\"wp-block-image size-large\"><img decoding=\"async\" data-id=\"72905\" src=\"https:\/\/mx1gpbrasil.com.br\/wp-content\/uploads\/2026\/06\/WhatsApp-Image-2026-06-15-at-15.38.05-1-1024x682.jpeg\" alt=\"\" class=\"wp-image-72905\"\/><\/figure>\n\n\n\n<figure class=\"wp-block-image size-large\"><img decoding=\"async\" data-id=\"72906\" src=\"https:\/\/mx1gpbrasil.com.br\/wp-content\/uploads\/2026\/06\/WhatsApp-Image-2026-06-15-at-15.38.05-1024x682.jpeg\" alt=\"\" class=\"wp-image-72906\"\/><\/figure>\n\n\n\n<figure class=\"wp-block-image size-large\"><img decoding=\"async\" data-id=\"72907\" src=\"https:\/\/mx1gpbrasil.com.br\/wp-content\/uploads\/2026\/06\/WhatsApp-Image-2026-06-15-at-15.38.04-2-1024x682.jpeg\" alt=\"\" class=\"wp-image-72907\"\/><\/figure>\n\n\n\n<figure class=\"wp-block-image size-large\"><img decoding=\"async\" data-id=\"72908\" src=\"https:\/\/mx1gpbrasil.com.br\/wp-content\/uploads\/2026\/06\/WhatsApp-Image-2026-06-15-at-15.38.04-1-1024x682.jpeg\" alt=\"\" class=\"wp-image-72908\"\/><\/figure>\n\n\n\n<figure class=\"wp-block-image size-large\"><img decoding=\"async\" data-id=\"72909\" src=\"https:\/\/mx1gpbrasil.com.br\/wp-content\/uploads\/2026\/06\/WhatsApp-Image-2026-06-15-at-15.38.04-1024x682.jpeg\" alt=\"\" class=\"wp-image-72909\"\/><\/figure>\n\n\n\n<figure class=\"wp-block-image size-large\"><img decoding=\"async\" data-id=\"72895\" src=\"https:\/\/mx1gpbrasil.com.br\/wp-content\/uploads\/2026\/06\/WhatsApp-Image-2026-06-15-at-15.38.08-1-1024x682.jpeg\" alt=\"\" class=\"wp-image-72895\"\/><\/figure>\n\n\n\n<figure class=\"wp-block-image size-large\"><img decoding=\"async\" data-id=\"72894\" src=\"https:\/\/mx1gpbrasil.com.br\/wp-content\/uploads\/2026\/06\/WhatsApp-Image-2026-06-15-at-15.38.09-1024x682.jpeg\" alt=\"\" class=\"wp-image-72894\"\/><\/figure>\n\n\n\n<figure class=\"wp-block-image size-large\"><img decoding=\"async\" data-id=\"72893\" src=\"https:\/\/mx1gpbrasil.com.br\/wp-content\/uploads\/2026\/06\/WhatsApp-Image-2026-06-15-at-15.38.09-1-1024x682.jpeg\" alt=\"\" class=\"wp-image-72893\"\/><\/figure>\n\n\n\n<figure class=\"wp-block-image size-large\"><img decoding=\"async\" data-id=\"72892\" src=\"https:\/\/mx1gpbrasil.com.br\/wp-content\/uploads\/2026\/06\/WhatsApp-Image-2026-06-15-at-15.38.10-1024x682.jpeg\" alt=\"\" class=\"wp-image-72892\"\/><\/figure>\n<\/figure>\n\n\n\n<p class=\"wp-block-paragraph\"><\/p>\n","protected":false},"excerpt":{"rendered":"<p>Goi\u00e2nia est\u00e1 em contagem regressiva para mais um evento de magnitude internacional no motociclismo. Depois de sediar o MotoGP, a capital do estado de Goi\u00e1s ser\u00e1 palco da 6\u00aa etapa do MX1GP Brasil, o maior campeonato de motocross da Am\u00e9rica Latina. Nesta segunda-feira, 15, autoridades e pilotos participaram de coletiva de imprensa promocional ao evento, [&hellip;]<\/p>\n","protected":false},"author":1,"featured_media":73333,"comment_status":"closed","ping_status":"open","sticky":false,"template":"","format":"standard","meta":{"footnotes":""},"categories":[133],"tags":[],"class_list":["post-72891","post","type-post","status-publish","format-standard","has-post-thumbnail","hentry","category-motocross"],"_links":{"self":[{"href":"https:\/\/mx1gpbrasil.alperprojetos.com.br\/index.php\/wp-json\/wp\/v2\/posts\/72891","targetHints":{"allow":["GET"]}}],"collection":[{"href":"https:\/\/mx1gpbrasil.alperprojetos.com.br\/index.php\/wp-json\/wp\/v2\/posts"}],"about":[{"href":"https:\/\/mx1gpbrasil.alperprojetos.com.br\/index.php\/wp-json\/wp\/v2\/types\/post"}],"author":[{"embeddable":true,"href":"https:\/\/mx1gpbrasil.alperprojetos.com.br\/index.php\/wp-json\/wp\/v2\/users\/1"}],"replies":[{"embeddable":true,"href":"https:\/\/mx1gpbrasil.alperprojetos.com.br\/index.php\/wp-json\/wp\/v2\/comments?post=72891"}],"version-history":[{"count":0,"href":"https:\/\/mx1gpbrasil.alperprojetos.com.br\/index.php\/wp-json\/wp\/v2\/posts\/72891\/revisions"}],"wp:featuredmedia":[{"embeddable":true,"href":"https:\/\/mx1gpbrasil.alperprojetos.com.br\/index.php\/wp-json\/wp\/v2\/media\/73333"}],"wp:attachment":[{"href":"https:\/\/mx1gpbrasil.alperprojetos.com.br\/index.php\/wp-json\/wp\/v2\/media?parent=72891"}],"wp:term":[{"taxonomy":"category","embeddable":true,"href":"https:\/\/mx1gpbrasil.alperprojetos.com.br\/index.php\/wp-json\/wp\/v2\/categories?post=72891"},{"taxonomy":"post_tag","embeddable":true,"href":"https:\/\/mx1gpbrasil.alperprojetos.com.br\/index.php\/wp-json\/wp\/v2\/tags?post=72891"}],"curies":[{"name":"wp","href":"https:\/\/api.w.org\/{rel}","templated":true}]}}