{"id":72924,"date":"2026-06-17T17:48:31","date_gmt":"2026-06-17T20:48:31","guid":{"rendered":"https:\/\/mx1gpbrasil.com.br\/?p=72924"},"modified":"2026-06-17T17:48:31","modified_gmt":"2026-06-17T20:48:31","slug":"goiania-tera-programacao-diferenciada-com-75-pontos-em-disputa-nas-classes-principais","status":"publish","type":"post","link":"https:\/\/mx1gpbrasil.alperprojetos.com.br\/index.php\/2026\/06\/17\/goiania-tera-programacao-diferenciada-com-75-pontos-em-disputa-nas-classes-principais\/","title":{"rendered":"Goi\u00e2nia ter\u00e1 programa\u00e7\u00e3o diferenciada com 75 pontos em disputa nas classes principais"},"content":{"rendered":"\n<p class=\"wp-block-paragraph\">Uma din\u00e2mica diferenciada foi montada para a 6\u00aa etapa do MX1GP Brasil Sportbay 2026, que acontece entre os dias 18 e 21 de junho. Al\u00e9m de apresentar os primeiros campe\u00f5es da temporada, Goi\u00e2nia contar\u00e1 com uma corrida a mais das classes principais, devido ao remanejamento da bateria final de Castro\/PR \u2013 transferida pelas quest\u00f5es clim\u00e1ticas. Ademais, ter\u00e1 o advento de provas v\u00e1lidas pela 2\u00aa etapa do Campeonato Goiano.<\/p>\n\n\n\n<p class=\"wp-block-paragraph\">Sendo assim, as classes MX1 e MX2 ter\u00e3o 75 pontos em disputa. A bateria unificada atrasada ser\u00e1 disputada no s\u00e1bado, d20, assim como os treinos livre e cronometrado referentes \u00e0 6\u00aa etapa. Sendo assim, o domingo, dia 21, ser\u00e1 de warm-up e duas largadas oficiais por categoria. Outra categoria remanejada de Castro ser\u00e1 a YZ125, tamb\u00e9m com disputa nos dois dias.<\/p>\n\n\n\n<p class=\"wp-block-paragraph\">As atividades oficiais iniciam j\u00e1 na quinta-feira, 18, com servi\u00e7os de secretaria e vistoria. As primeiras entradas na pista ser\u00e3o j\u00e1 na sexta-feira, 19, a partir das 13h. As demais classes presentes em Goi\u00e2nia ser\u00e3o 50cc, 60cc, MXJR, MX2JR, MX3, MX4 e MXF.<\/p>\n\n\n\n<p class=\"wp-block-paragraph\">Centenas de pilotos de 22 pa\u00edses estar\u00e3o presentes na grandiosa estrutura montada \u00e0s margens do km 7 da Rodovia GO-020. A entrada \u00e9 gratuita mediante a doa\u00e7\u00e3o de pelo menos 1 kg de alimento n\u00e3o perec\u00edvel.<\/p>\n\n\n\n<p class=\"wp-block-paragraph\"><strong><em>Texto: Ed Moreira\u00a0<\/em><\/strong><em>\u2013 Jornalista MX1GP Brasil<\/em><\/p>\n\n\n\n<figure class=\"wp-block-gallery has-nested-images columns-default is-cropped wp-block-gallery-1 is-layout-flex wp-block-gallery-is-layout-flex\">\n<figure class=\"wp-block-image size-large\"><img decoding=\"async\" data-id=\"72932\" src=\"https:\/\/mx1gpbrasil.com.br\/wp-content\/uploads\/2026\/06\/WhatsApp-Image-2026-06-17-at-17.44.23-3-815x1024.jpeg\" alt=\"\" class=\"wp-image-72932\"\/><\/figure>\n\n\n\n<figure class=\"wp-block-image size-large\"><img decoding=\"async\" data-id=\"72931\" src=\"https:\/\/mx1gpbrasil.com.br\/wp-content\/uploads\/2026\/06\/WhatsApp-Image-2026-06-17-at-17.44.23-1-1-832x1024.jpeg\" alt=\"\" class=\"wp-image-72931\"\/><\/figure>\n\n\n\n<figure class=\"wp-block-image size-large\"><img decoding=\"async\" data-id=\"72930\" src=\"https:\/\/mx1gpbrasil.com.br\/wp-content\/uploads\/2026\/06\/WhatsApp-Image-2026-06-17-at-17.44.23-2-1-822x1024.jpeg\" alt=\"\" class=\"wp-image-72930\"\/><\/figure>\n\n\n\n<figure class=\"wp-block-image size-large\"><img decoding=\"async\" data-id=\"72929\" src=\"https:\/\/mx1gpbrasil.com.br\/wp-content\/uploads\/2026\/06\/WhatsApp-Image-2026-06-17-at-17.44.24-1-825x1024.jpeg\" alt=\"\" class=\"wp-image-72929\"\/><\/figure>\n<\/figure>\n","protected":false},"excerpt":{"rendered":"<p>Uma din\u00e2mica diferenciada foi montada para a 6\u00aa etapa do MX1GP Brasil Sportbay 2026, que acontece entre os dias 18 e 21 de junho. Al\u00e9m de apresentar os primeiros campe\u00f5es da temporada, Goi\u00e2nia contar\u00e1 com uma corrida a mais das classes principais, devido ao remanejamento da bateria final de Castro\/PR \u2013 transferida pelas quest\u00f5es clim\u00e1ticas. [&hellip;]<\/p>\n","protected":false},"author":1,"featured_media":73330,"comment_status":"closed","ping_status":"open","sticky":false,"template":"","format":"standard","meta":{"footnotes":""},"categories":[133],"tags":[],"class_list":["post-72924","post","type-post","status-publish","format-standard","has-post-thumbnail","hentry","category-motocross"],"_links":{"self":[{"href":"https:\/\/mx1gpbrasil.alperprojetos.com.br\/index.php\/wp-json\/wp\/v2\/posts\/72924","targetHints":{"allow":["GET"]}}],"collection":[{"href":"https:\/\/mx1gpbrasil.alperprojetos.com.br\/index.php\/wp-json\/wp\/v2\/posts"}],"about":[{"href":"https:\/\/mx1gpbrasil.alperprojetos.com.br\/index.php\/wp-json\/wp\/v2\/types\/post"}],"author":[{"embeddable":true,"href":"https:\/\/mx1gpbrasil.alperprojetos.com.br\/index.php\/wp-json\/wp\/v2\/users\/1"}],"replies":[{"embeddable":true,"href":"https:\/\/mx1gpbrasil.alperprojetos.com.br\/index.php\/wp-json\/wp\/v2\/comments?post=72924"}],"version-history":[{"count":0,"href":"https:\/\/mx1gpbrasil.alperprojetos.com.br\/index.php\/wp-json\/wp\/v2\/posts\/72924\/revisions"}],"wp:featuredmedia":[{"embeddable":true,"href":"https:\/\/mx1gpbrasil.alperprojetos.com.br\/index.php\/wp-json\/wp\/v2\/media\/73330"}],"wp:attachment":[{"href":"https:\/\/mx1gpbrasil.alperprojetos.com.br\/index.php\/wp-json\/wp\/v2\/media?parent=72924"}],"wp:term":[{"taxonomy":"category","embeddable":true,"href":"https:\/\/mx1gpbrasil.alperprojetos.com.br\/index.php\/wp-json\/wp\/v2\/categories?post=72924"},{"taxonomy":"post_tag","embeddable":true,"href":"https:\/\/mx1gpbrasil.alperprojetos.com.br\/index.php\/wp-json\/wp\/v2\/tags?post=72924"}],"curies":[{"name":"wp","href":"https:\/\/api.w.org\/{rel}","templated":true}]}}