{"id":72937,"date":"2026-06-20T17:03:13","date_gmt":"2026-06-20T20:03:13","guid":{"rendered":"https:\/\/mx1gpbrasil.com.br\/?p=72937"},"modified":"2026-06-20T17:03:13","modified_gmt":"2026-06-20T20:03:13","slug":"glenn-coldenhoff-e-salvador-perez-faturam-prova-adiada-de-castro-pr","status":"publish","type":"post","link":"https:\/\/mx1gpbrasil.alperprojetos.com.br\/index.php\/2026\/06\/20\/glenn-coldenhoff-e-salvador-perez-faturam-prova-adiada-de-castro-pr\/","title":{"rendered":"Glenn Coldenhoff e Salvador P\u00e9rez faturam prova adiada de Castro\/PR"},"content":{"rendered":"\n<figure class=\"wp-block-image size-large\"><img decoding=\"async\" src=\"https:\/\/mx1gpbrasil.com.br\/wp-content\/uploads\/2026\/06\/MoZ_Sab-16-1024x763.jpg\" alt=\"\" class=\"wp-image-72938\"\/><\/figure>\n\n\n\n<p class=\"wp-block-paragraph\">Valeu a pena esperar. A expectativa pela prova MX1\/MX2, que deveria ter acontecido em Castro\/PR, n\u00e3o foi em v\u00e3o. Depois de quase dois meses, a etapa unificada das duas principais classes do MX1GP Brasil ocorreu no princ\u00edpio da tarde deste s\u00e1bado, 20, em Goi\u00e2nia. A festa foi da Yamaha na capital de Goi\u00e1s, com vit\u00f3rias de Glenn Coldenhoff e Salvador P\u00e9rez, na MX1 e MX2, respectivamente.<\/p>\n\n\n\n<p class=\"wp-block-paragraph\"><strong>MX1<\/strong><\/p>\n\n\n\n<p class=\"wp-block-paragraph\">Na largada, F\u00e1bio Santos e Vitor Borba dividiram a primeira curva. O l\u00edder Enzo Lopes sofreu uma queda, trazendo um elemento de emo\u00e7\u00e3o a mais para a prova. F\u00e1bio Santos puxou o pelot\u00e3o e ditou o ritmo da prova, sendo perseguido tamb\u00e9m por Paulo Alberto e Glenn Coldenhoff. Jeremy van Horebeek largou entre os cinco primeiros e se manteve sempre na disputa, enquanto Enzo Lopes acumulou ultrapassagens.<\/p>\n\n\n\n<p class=\"wp-block-paragraph\">Na reta final, quedas come\u00e7aram a decidir a classe. Horebeek caiu quando estava em terceiro, mas ainda salvou um quarto lugar. F\u00e1bio Santos, por sua vez, teve maiores consequ\u00eancias ao cair, perdendo a lideran\u00e7a e comprometendo o resultado de uma grande prova. Desta forma, ficou aberto o caminho para mais uma vit\u00f3ria de Glenn Coldenhoff, seguido de Paulo Alberto. Enzo Lopes salvou uma terceira coloca\u00e7\u00e3o, com Guilherme Bresolin completando o p\u00f3dio.<\/p>\n\n\n\n<p class=\"wp-block-paragraph\"><strong>Resultado<\/strong><\/p>\n\n\n\n<p class=\"wp-block-paragraph\"><strong>1\u00ba Glenn Coldenhoff \u2013<\/strong>&nbsp;HOL (Yamaha C6 Bank IMS) <strong><br>2\u00ba Paulo Alberto \u2013<\/strong>&nbsp;POR (Yamaha Monster Energy Gera\u00e7\u00e3o) \u2013 31 pontos<strong> &nbsp;<\/strong>&nbsp;<br><strong>3\u00ba Enzo Lopes \u2013<\/strong>&nbsp;BRA (Honda Racing Brasil)<br><strong>4\u00ba Jeremy van Horebeek \u2013<\/strong>&nbsp;BEL (Honda Racing Brasil)<br><strong>5\u00ba Guilherme Bresolin \u2013<\/strong>&nbsp;BRA (Kawasaki Factory Brasil)<\/p>\n\n\n\n<p class=\"wp-block-paragraph\"><strong>MX2<\/strong><\/p>\n\n\n\n<p class=\"wp-block-paragraph\">L\u00edder do campeonato, Salvador P\u00e9rez novamente foi dominante e quem melhor soube competir junto \u00e0s 450cc. Com autoridade, reencontrou a vit\u00f3ria e ampliou a vantagem na lideran\u00e7a da competi\u00e7\u00e3o, enquanto o grande destaque foi Benjamin Garib. O chileno caiu na largada, acumulou ultrapassagens at\u00e9 buscar a segunda coloca\u00e7\u00e3o, al\u00e9m de ter feito boa disputa com o goiano Luiz Filipe, que conquistou seu melhor resultado da temporada.<\/p>\n\n\n\n<p class=\"wp-block-paragraph\"><strong>Resultado<br>1\u00ba Salvador P\u00e9rez<\/strong> \u2013 BRA\/ESP (Yamaha Monster Energy Gera\u00e7\u00e3o)<br><strong>2\u00ba Benjamin Garib<\/strong> \u2013 CHI (JP Pro Honda Baterias Pioneiro)<br><strong>3\u00ba Luiz Filipe<\/strong> \u2013 BRA (Yamaha C6 Bank IMS)<br><strong>4\u00ba Henrique Henicka<\/strong> \u2013 BRA (595 Pro Tork KTM)<br><strong>5\u00ba Pietro Piroli<\/strong> \u2013 BRA (Honda Racing Brasil)<br><br><strong><em>Texto: Ed Moreira&nbsp;<\/em><\/strong><em>\u2013 Jornalista MX1GP Brasil<br><strong>Fotos:<\/strong>&nbsp;Studio MOZ \u2013 MX1GP Brasil<\/em><br><br><br><\/p>\n","protected":false},"excerpt":{"rendered":"<p>Valeu a pena esperar. A expectativa pela prova MX1\/MX2, que deveria ter acontecido em Castro\/PR, n\u00e3o foi em v\u00e3o. Depois de quase dois meses, a etapa unificada das duas principais classes do MX1GP Brasil ocorreu no princ\u00edpio da tarde deste s\u00e1bado, 20, em Goi\u00e2nia. A festa foi da Yamaha na capital de Goi\u00e1s, com vit\u00f3rias [&hellip;]<\/p>\n","protected":false},"author":1,"featured_media":73329,"comment_status":"closed","ping_status":"open","sticky":false,"template":"","format":"standard","meta":{"footnotes":""},"categories":[133],"tags":[],"class_list":["post-72937","post","type-post","status-publish","format-standard","has-post-thumbnail","hentry","category-motocross"],"_links":{"self":[{"href":"https:\/\/mx1gpbrasil.alperprojetos.com.br\/index.php\/wp-json\/wp\/v2\/posts\/72937","targetHints":{"allow":["GET"]}}],"collection":[{"href":"https:\/\/mx1gpbrasil.alperprojetos.com.br\/index.php\/wp-json\/wp\/v2\/posts"}],"about":[{"href":"https:\/\/mx1gpbrasil.alperprojetos.com.br\/index.php\/wp-json\/wp\/v2\/types\/post"}],"author":[{"embeddable":true,"href":"https:\/\/mx1gpbrasil.alperprojetos.com.br\/index.php\/wp-json\/wp\/v2\/users\/1"}],"replies":[{"embeddable":true,"href":"https:\/\/mx1gpbrasil.alperprojetos.com.br\/index.php\/wp-json\/wp\/v2\/comments?post=72937"}],"version-history":[{"count":0,"href":"https:\/\/mx1gpbrasil.alperprojetos.com.br\/index.php\/wp-json\/wp\/v2\/posts\/72937\/revisions"}],"wp:featuredmedia":[{"embeddable":true,"href":"https:\/\/mx1gpbrasil.alperprojetos.com.br\/index.php\/wp-json\/wp\/v2\/media\/73329"}],"wp:attachment":[{"href":"https:\/\/mx1gpbrasil.alperprojetos.com.br\/index.php\/wp-json\/wp\/v2\/media?parent=72937"}],"wp:term":[{"taxonomy":"category","embeddable":true,"href":"https:\/\/mx1gpbrasil.alperprojetos.com.br\/index.php\/wp-json\/wp\/v2\/categories?post=72937"},{"taxonomy":"post_tag","embeddable":true,"href":"https:\/\/mx1gpbrasil.alperprojetos.com.br\/index.php\/wp-json\/wp\/v2\/tags?post=72937"}],"curies":[{"name":"wp","href":"https:\/\/api.w.org\/{rel}","templated":true}]}}