{"id":72940,"date":"2026-06-21T08:44:47","date_gmt":"2026-06-21T11:44:47","guid":{"rendered":"https:\/\/mx1gpbrasil.com.br\/?p=72940"},"modified":"2026-06-21T08:44:47","modified_gmt":"2026-06-21T11:44:47","slug":"sabado-emocionante-abrem-provas-oficiais-da-6a-etapa-do-mx1gp-brasil","status":"publish","type":"post","link":"https:\/\/mx1gpbrasil.alperprojetos.com.br\/index.php\/2026\/06\/21\/sabado-emocionante-abrem-provas-oficiais-da-6a-etapa-do-mx1gp-brasil\/","title":{"rendered":"S\u00e1bado emocionante abrem provas oficiais da 6\u00aa etapa do MX1GP Brasil"},"content":{"rendered":"\n<figure class=\"wp-block-image size-large\"><img decoding=\"async\" src=\"https:\/\/mx1gpbrasil.com.br\/wp-content\/uploads\/2026\/06\/MoZ_Sab-37-1024x683.jpg\" alt=\"\" class=\"wp-image-72950\"\/><\/figure>\n\n\n\n<p class=\"wp-block-paragraph\">Depois de 28 anos, o gate caiu para uma competi\u00e7\u00e3o nacional de motocross em Goi\u00e2nia-GO. A espera foi v\u00e1lida. As altas temperaturas estiveram dentre e fora da pista ao longo deste s\u00e1bado, 20, na grandiosa estrutura montada \u00e0s margens da km 07 da rodovia GO-020. Oito provas emocionantes apresentaram os primeiros vitoriosos da 6\u00aa etapa do MX1GP Brasil Sportbay 2026 (<em>resultados abaixo<\/em>).<\/p>\n\n\n\n<p class=\"wp-block-paragraph\">Arthur Lorenzo, Cesar Aponte (duas vezes), Luanna Neves e Zion Berchtold triunfaram e ampliaram a vantagem em suas categorias, enquanto Enzo Wiebbeling conquistou sua primeira vit\u00f3ria na competi\u00e7\u00e3o. Atual campe\u00e3o, Anderson Amaral reencontrou a bandeira quadriculada. As classes MX1\/MX2 tamb\u00e9m estiveram na pista para treinos v\u00e1lidos ao domingo e prova oficial de recomposi\u00e7\u00e3o dos pontos n\u00e3o disputados em Castro: Glenn Coldenhoff e Salvador P\u00e9rez garantiram as equipes da Yamaha Racing Brasil no topo do p\u00f3dio.<\/p>\n\n\n\n<p class=\"wp-block-paragraph\">A etapa tem continuidade neste domingo, 21 de junho, com a disputa das classes MX1, MX2, MXJR e a grande final da YZ 125. O warm-up come\u00e7am \u00e0s 8h, seguidos de treinos cronometrados e provas classificat\u00f3rias. As corridas oficiais come\u00e7am \u00e0s 11h40, estendendo-se ao longo da tarde.<\/p>\n\n\n\n<p class=\"wp-block-paragraph\"><strong>Resultados<\/strong><\/p>\n\n\n\n<p class=\"wp-block-paragraph\"><strong>50cc<\/strong><br><strong>1\u00ba Enzinho Wiebbelling&nbsp;<\/strong>\u2013 BRA (Maguila MX School)<strong><br>2\u00ba Luiz Felype Fiorese da Silva&nbsp;<\/strong>\u2013 BRA<strong><br>3\u00ba Jo\u00e3o Manoel Prado&nbsp;<\/strong>\u2013 BRA<br><strong>4\u00ba Jo\u00e3o Barbosa Pereira&nbsp;<\/strong>\u2013 BRA<br><strong>4\u00ba Enzo Soares <\/strong>\u2013 BRA<\/p>\n\n\n\n<figure class=\"wp-block-image size-large\"><img decoding=\"async\" src=\"https:\/\/mx1gpbrasil.com.br\/wp-content\/uploads\/2026\/06\/MoZ_PODIO-8-1024x683.jpg\" alt=\"\" class=\"wp-image-72941\"\/><\/figure>\n\n\n\n<p class=\"wp-block-paragraph\"><strong>65cc<\/strong><br><strong>1\u00ba Arthur Lorenzo<\/strong>&nbsp;\u2013 BRA (Belco Racing)<br><strong>2\u00ba Henrique Spinass\u00e9<\/strong>&nbsp;\u2013 BRA (Belco Racing)<br><strong>3\u00ba Tomas Aguila&nbsp;\u2013<\/strong>&nbsp;CHI (Sagae Team)<br><strong>4\u00ba Ben Sagae&nbsp;<\/strong>\u2013 BRA (Sagae Team)<strong><br>5\u00ba Jo\u00e3o \u201cBolachinha\u201d Wovst \u2013<\/strong>&nbsp;BRA (Team Zenni School)<\/p>\n\n\n\n<figure class=\"wp-block-image size-large\"><img decoding=\"async\" src=\"https:\/\/mx1gpbrasil.com.br\/wp-content\/uploads\/2026\/06\/MoZ_PODIO-12-1-1024x683.jpg\" alt=\"\" class=\"wp-image-72951\"\/><\/figure>\n\n\n\n<p class=\"wp-block-paragraph\"><strong>YZ 125 Geral<\/strong><br><strong>1\u00ba Zion Berchtold <\/strong>\u2013 BRA (Belco Racing)<strong><br>2\u00ba Lorenzo Ricken<\/strong>&nbsp;\u2013 BRA <strong><br>3\u00ba Victor Hugo da Rocha<\/strong>&nbsp;\u2013 BRA<strong><br>4\u00ba Heverton Silveira<\/strong>&nbsp;\u2013 BRA<strong><br>5\u00ba Miguel Boer \u2013<\/strong>&nbsp;BRA<\/p>\n\n\n\n<figure class=\"wp-block-image size-large\"><img decoding=\"async\" src=\"https:\/\/mx1gpbrasil.com.br\/wp-content\/uploads\/2026\/06\/MoZ_PODIO-2-1024x683.jpg\" alt=\"\" class=\"wp-image-72943\"\/><\/figure>\n\n\n\n<p class=\"wp-block-paragraph\"><strong>YZ 125<\/strong><br><strong>1\u00ba Zion Berchtold <\/strong>\u2013 BRA (Belco Racing)<strong><br>2\u00ba Lorenzo Ricken<\/strong>&nbsp;\u2013 BRA <strong><br>3\u00ba Heitor Matos<\/strong>&nbsp;\u2013 BRA<strong><br>4\u00ba Caio Eto Tib\u00farcio<\/strong>&nbsp;\u2013 BRA<strong><br>5\u00ba Henri Krug \u2013<\/strong>&nbsp;BRA<\/p>\n\n\n\n<figure class=\"wp-block-image size-large\"><img decoding=\"async\" src=\"https:\/\/mx1gpbrasil.com.br\/wp-content\/uploads\/2026\/06\/MoZ_PODIO-3-1024x683.jpg\" alt=\"\" class=\"wp-image-72944\"\/><\/figure>\n\n\n\n<p class=\"wp-block-paragraph\"><strong>YZ 125 Blu Cru Cup<br>1\u00ba Victor Hugo da Rocha<\/strong>&nbsp;\u2013 BRA<strong><br>2\u00ba Lorenzo Ricken<\/strong>&nbsp;\u2013 BRA <strong><br>3\u00ba Heverton Silveira<\/strong>&nbsp;\u2013 BRA<strong><br>4\u00ba Miguel Boer \u2013<\/strong>&nbsp;BRA<strong><br>5\u00ba Israel Bamba \u2013<\/strong>&nbsp;ARG<\/p>\n\n\n\n<figure class=\"wp-block-image size-large\"><img decoding=\"async\" src=\"https:\/\/mx1gpbrasil.com.br\/wp-content\/uploads\/2026\/06\/MoZ_PODIO-4-1024x683.jpg\" alt=\"\" class=\"wp-image-72945\"\/><\/figure>\n\n\n\n<p class=\"wp-block-paragraph\"><strong>MXF<\/strong><br><strong>1\u00ba Luanna Neves&nbsp;<\/strong>\u2013 BRA (JP Pro Honda Baterias Pioneiro)<br><strong>2\u00ba Alicia Sagae<\/strong>&nbsp;\u2013 BRA (Sagae Team)<br><strong>3\u00ba Izabela Bindela<\/strong>&nbsp;\u2013 BRA<br><strong>4\u00ba Vit\u00f3ria Lima<\/strong>&nbsp;\u2013 BRA<strong><br>5\u00ba Fernanda Fabris&nbsp;<\/strong>\u2013 BRA<\/p>\n\n\n\n<figure class=\"wp-block-image size-large\"><img decoding=\"async\" src=\"https:\/\/mx1gpbrasil.com.br\/wp-content\/uploads\/2026\/06\/MoZ_PODIO-10-1024x683.jpg\" alt=\"\" class=\"wp-image-72952\"\/><\/figure>\n\n\n\n<p class=\"wp-block-paragraph\"><strong>MX2JR (Goi\u00e2nia\/GO)<br>1\u00ba Cesar Aponte&nbsp;<\/strong>\u2013 VEN (JP Pro Honda Baterias Pioneiro) &nbsp;<br><strong>2\u00ba&nbsp;Arthur Gomes&nbsp;<\/strong>\u2013 BRA (JP Pro Honda Baterias Pioneiro) &nbsp;<strong><br>3\u00ba Kau\u00e3 Vieira <\/strong>\u2013 BRA (FK Rinaldi Kawasaki Brasil) &nbsp;<strong><br>4\u00ba Gustavo Maur\u00edcio Torres <\/strong>\u2013 BRA (Yamaha C6 Bank IMS)<strong><br>5\u00ba&nbsp;Miguel Kurtz Boer <\/strong>\u2013&nbsp;BRA<\/p>\n\n\n\n<figure class=\"wp-block-image size-large\"><img decoding=\"async\" src=\"https:\/\/mx1gpbrasil.com.br\/wp-content\/uploads\/2026\/06\/MoZ_PODIO-7-1024x683.jpg\" alt=\"\" class=\"wp-image-72947\"\/><\/figure>\n\n\n\n<p class=\"wp-block-paragraph\"><strong>MX3<\/strong><br><strong>1\u00ba Anderson Amaral&nbsp;<\/strong>\u2013 BRA (Belco Racing)<br><strong>2\u00ba Lucas Bottcher Fraz\u00e3o&nbsp;<\/strong>\u2013 BRA <strong><br>3\u00ba Guilherme Lima <\/strong>\u2013 BRA<strong><br>4\u00ba Diego Fernando Henning&nbsp;<\/strong>\u2013 BRA (PG Racing MX)<br><strong>5\u00ba Roosevelt de Assun\u00e7\u00e3o&nbsp;<\/strong>\u2013 BRA (Kawasaki Factory Brasil)<\/p>\n\n\n\n<figure class=\"wp-block-image size-large\"><img decoding=\"async\" src=\"https:\/\/mx1gpbrasil.com.br\/wp-content\/uploads\/2026\/06\/MoZ_PODIO-5-1024x683.jpg\" alt=\"\" class=\"wp-image-72948\"\/><\/figure>\n\n\n\n<p class=\"wp-block-paragraph\"><strong>MX2JR (Castro\/PR)<br>1\u00ba Cesar Aponte&nbsp;<\/strong>\u2013 VEN (JP Pro Honda Baterias Pioneiro) &nbsp;<br><strong>2\u00ba&nbsp;Gabriel Cirino&nbsp;<\/strong>\u2013 BRA (Belco Racing)<strong><br>3\u00ba&nbsp;Arthur Gomes&nbsp;<\/strong>\u2013 BRA (JP Pro Honda Baterias Pioneiro) &nbsp;<strong><br>4\u00ba&nbsp;Jos\u00e9 Carlos Morera&nbsp;<\/strong>\u2013 VEN (Belco Racing<strong><br>5\u00ba Rodrigo Stuardo <\/strong>\u2013 ARG (Yamaha 101 M78 Blu Cru Junior Team)<\/p>\n\n\n\n<figure class=\"wp-block-image size-large\"><img decoding=\"async\" src=\"https:\/\/mx1gpbrasil.com.br\/wp-content\/uploads\/2026\/06\/MoZ_PODIO-14-1-1024x683.jpg\" alt=\"\" class=\"wp-image-72949\"\/><\/figure>\n\n\n\n<p class=\"wp-block-paragraph\"><strong><em>Texto: Ed Moreira&nbsp;<\/em><\/strong><em>\u2013 Jornalista MX1GP Brasil<br><strong>Fotos:<\/strong>&nbsp;Studio MOZ \u2013 MX1GP Brasil<\/em><\/p>\n\n\n\n<p class=\"wp-block-paragraph\"><\/p>\n","protected":false},"excerpt":{"rendered":"<p>Depois de 28 anos, o gate caiu para uma competi\u00e7\u00e3o nacional de motocross em Goi\u00e2nia-GO. A espera foi v\u00e1lida. As altas temperaturas estiveram dentre e fora da pista ao longo deste s\u00e1bado, 20, na grandiosa estrutura montada \u00e0s margens da km 07 da rodovia GO-020. Oito provas emocionantes apresentaram os primeiros vitoriosos da 6\u00aa etapa [&hellip;]<\/p>\n","protected":false},"author":1,"featured_media":73328,"comment_status":"closed","ping_status":"open","sticky":false,"template":"","format":"standard","meta":{"footnotes":""},"categories":[133],"tags":[],"class_list":["post-72940","post","type-post","status-publish","format-standard","has-post-thumbnail","hentry","category-motocross"],"_links":{"self":[{"href":"https:\/\/mx1gpbrasil.alperprojetos.com.br\/index.php\/wp-json\/wp\/v2\/posts\/72940","targetHints":{"allow":["GET"]}}],"collection":[{"href":"https:\/\/mx1gpbrasil.alperprojetos.com.br\/index.php\/wp-json\/wp\/v2\/posts"}],"about":[{"href":"https:\/\/mx1gpbrasil.alperprojetos.com.br\/index.php\/wp-json\/wp\/v2\/types\/post"}],"author":[{"embeddable":true,"href":"https:\/\/mx1gpbrasil.alperprojetos.com.br\/index.php\/wp-json\/wp\/v2\/users\/1"}],"replies":[{"embeddable":true,"href":"https:\/\/mx1gpbrasil.alperprojetos.com.br\/index.php\/wp-json\/wp\/v2\/comments?post=72940"}],"version-history":[{"count":0,"href":"https:\/\/mx1gpbrasil.alperprojetos.com.br\/index.php\/wp-json\/wp\/v2\/posts\/72940\/revisions"}],"wp:featuredmedia":[{"embeddable":true,"href":"https:\/\/mx1gpbrasil.alperprojetos.com.br\/index.php\/wp-json\/wp\/v2\/media\/73328"}],"wp:attachment":[{"href":"https:\/\/mx1gpbrasil.alperprojetos.com.br\/index.php\/wp-json\/wp\/v2\/media?parent=72940"}],"wp:term":[{"taxonomy":"category","embeddable":true,"href":"https:\/\/mx1gpbrasil.alperprojetos.com.br\/index.php\/wp-json\/wp\/v2\/categories?post=72940"},{"taxonomy":"post_tag","embeddable":true,"href":"https:\/\/mx1gpbrasil.alperprojetos.com.br\/index.php\/wp-json\/wp\/v2\/tags?post=72940"}],"curies":[{"name":"wp","href":"https:\/\/api.w.org\/{rel}","templated":true}]}}