{"id":72954,"date":"2026-06-22T09:35:15","date_gmt":"2026-06-22T12:35:15","guid":{"rendered":"https:\/\/mx1gpbrasil.com.br\/?p=72954"},"modified":"2026-06-22T09:35:15","modified_gmt":"2026-06-22T12:35:15","slug":"conhecidos-os-primeiros-campeoes-da-temporada-2026","status":"publish","type":"post","link":"https:\/\/mx1gpbrasil.alperprojetos.com.br\/index.php\/2026\/06\/22\/conhecidos-os-primeiros-campeoes-da-temporada-2026\/","title":{"rendered":"Conhecidos os primeiros campe\u00f5es da temporada 2026"},"content":{"rendered":"\n<figure class=\"wp-block-image size-large\"><img decoding=\"async\" src=\"https:\/\/mx1gpbrasil.com.br\/wp-content\/uploads\/2026\/06\/MoZ_DOMINGO-39-1024x576.jpg\" alt=\"\" class=\"wp-image-72955\"\/><\/figure>\n\n\n\n<p class=\"wp-block-paragraph\">Goi\u00e2nia foi palco dos primeiros gritos de \u201c\u00e9 campe\u00e3o\u201d do MX1GP Brasil Sportbay 2026. Neste domingo, 21, Zion Berchtdold e Victor Hugo da Rocha sagraram-se campe\u00f5es das categorias referente \u00e0 classe monomarca YZ 125, depois de dois dias de provas emocionantes e que definiram os t\u00edtulos ponto a ponto.<\/p>\n\n\n\n<p class=\"wp-block-paragraph\">As provas de s\u00e1bado mantiveram a classifica\u00e7\u00e3o equilibrada e com diversas possibilidades matem\u00e1ticas, aumentando a tens\u00e3o durante a corrida derradeira \u2013 v\u00e1lida pelos pontos n\u00e3o disputados na etapa de Castro\/PR. Zion Berchtold fez grande largada, assumiu a dianteira e venceu. O triunfo garantiu o t\u00edtulo da YZ 125 Blu Cru (destinado aos pilotos privados), mas ainda existia outras duas categorias em disputa.<\/p>\n\n\n\n<p class=\"wp-block-paragraph\">Pelo projeto IMS YZ125 Blu Cru Cup, Heverton Silveira fez sua parte e venceu, por\u00e9m quem tinha vantagens de pontos para administrar era Victor Hugo da Rocha, que ficou campe\u00e3o ao chegar em terceiro. &nbsp;<\/p>\n\n\n\n<p class=\"wp-block-paragraph\">A matem\u00e1tica, que j\u00e1 estava eletrizante, ficou ainda mais determinante na defini\u00e7\u00e3o do campe\u00e3o YZ125 Geral. Por dois pontos, 171 contra 169, Zion Berchtold garantiu mais um t\u00edtulo nacional.<\/p>\n\n\n\n<p class=\"wp-block-paragraph\">Apesar da competi\u00e7\u00e3o nacional ter terminado, a classe monomarca seguir\u00e1 em evid\u00eancia no MX1GP Brasil Sportbay 2026 para a etapa de Santa Cruz do Capibaribe\/PE, por\u00e9m em validade do Latino-Americano.<\/p>\n\n\n\n<p class=\"wp-block-paragraph\"><strong>Classifica\u00e7\u00e3o<\/strong><br><strong>IMS YZ125 Blu Cru Cup<br>Campe\u00e3o:<\/strong> Victor Hugo da Rocha&nbsp;\u2013 186 pontos<br><strong>Vice-campe\u00e3o: <\/strong>Heverton Silveira \u2013 184 pontos<\/p>\n\n\n\n<p class=\"wp-block-paragraph\"><strong>YZ125 Blu Cru (privado)<br>Campe\u00e3o: <\/strong>Zion Berchtold \u2013 187 pontos<br><strong>Vice-campe\u00e3o:<\/strong> Heitor Matos \u2013 166 pontos<\/p>\n\n\n\n<p class=\"wp-block-paragraph\"><strong>YZ 125 Geral<br>Campe\u00e3o:<\/strong> Zion Berchtold \u2013 171 pontos<br><strong>Vice-campe\u00e3o: <\/strong>Heverton Silveira \u2013 169 pontos<\/p>\n\n\n\n<p class=\"wp-block-paragraph\"><strong>P\u00f3dios \u2013 Etapa de Castro\/PR<\/strong><br><strong>YZ125 Geral<\/strong><br><strong>1\u00ba Zion Berchtold <\/strong>\u2013 BRA (Belco Racing)<strong><br>2\u00ba Heverton Silveira<\/strong>&nbsp;\u2013 BRA<strong><br>3\u00ba Pedro Guilherme Ferreira<\/strong>&nbsp;\u2013 BRA<strong><br>4\u00ba Victor Hugo da Rocha<\/strong>&nbsp;\u2013 BRA<strong><br>5\u00ba Miguel Boer \u2013<\/strong>&nbsp;BRA<\/p>\n\n\n\n<p class=\"wp-block-paragraph\"><strong>YZ125 Blu Cru (privado)<\/strong><br><strong>1\u00ba Zion Berchtold <\/strong>\u2013 BRA (Belco Racing)<strong><br>2\u00ba Heitor Matos<\/strong>&nbsp;\u2013 BRA <strong><br>3\u00ba Caio Eto Tib\u00farcio<\/strong>&nbsp;\u2013 BRA<strong><br>4\u00ba Henri Krug<\/strong>&nbsp;\u2013 BRA<strong><br>5\u00ba Enzo Chupel \u2013<\/strong>&nbsp;BRA<\/p>\n\n\n\n<p class=\"wp-block-paragraph\"><strong>IMS YZ125 Blu Cru Cup<br>1\u00ba Heverton Silveira <\/strong>\u2013 BRA<strong><br>2\u00ba Pedro Guilherme Ferreira<\/strong>&nbsp;\u2013 BRA <strong><br>3\u00ba Victor Hugo Vale da Rocha<\/strong>&nbsp;\u2013 BRA<strong><br>4\u00ba Miguel Boer \u2013<\/strong>&nbsp;BRA<strong><br>5\u00ba Jo\u00e3o Vitor Pereira \u2013<\/strong>&nbsp;BRA<\/p>\n\n\n\n<p class=\"wp-block-paragraph\"><strong><em>Texto: Ed Moreira&nbsp;<\/em><\/strong><em>\u2013 Jornalista MX1GP Brasil<br><strong>Fotos:<\/strong>&nbsp;Studio MOZ \u2013 MX1GP Brasil<\/em><\/p>\n\n\n\n<figure class=\"wp-block-gallery has-nested-images columns-default is-cropped wp-block-gallery-1 is-layout-flex wp-block-gallery-is-layout-flex\">\n<figure class=\"wp-block-image size-large\"><img decoding=\"async\" data-id=\"72960\" src=\"https:\/\/mx1gpbrasil.com.br\/wp-content\/uploads\/2026\/06\/MoZ_Podio_DOMINGO-5-1-1024x683.jpg\" alt=\"\" class=\"wp-image-72960\"\/><\/figure>\n\n\n\n<figure class=\"wp-block-image size-large\"><img decoding=\"async\" data-id=\"72961\" src=\"https:\/\/mx1gpbrasil.com.br\/wp-content\/uploads\/2026\/06\/MoZ_DOMINGO-41-1024x576.jpg\" alt=\"\" class=\"wp-image-72961\"\/><\/figure>\n\n\n\n<figure class=\"wp-block-image size-large\"><img decoding=\"async\" data-id=\"72962\" src=\"https:\/\/mx1gpbrasil.com.br\/wp-content\/uploads\/2026\/06\/MoZ_DOMINGO-42-763x1024.jpg\" alt=\"\" class=\"wp-image-72962\"\/><\/figure>\n\n\n\n<figure class=\"wp-block-image size-large\"><img decoding=\"async\" data-id=\"72963\" src=\"https:\/\/mx1gpbrasil.com.br\/wp-content\/uploads\/2026\/06\/MoZ_DOMINGO-38-1024x576.jpg\" alt=\"\" class=\"wp-image-72963\"\/><\/figure>\n\n\n\n<figure class=\"wp-block-image size-large\"><img decoding=\"async\" data-id=\"72965\" src=\"https:\/\/mx1gpbrasil.com.br\/wp-content\/uploads\/2026\/06\/MoZ_DOMINGO-36-1-1024x576.jpg\" alt=\"\" class=\"wp-image-72965\"\/><\/figure>\n\n\n\n<figure class=\"wp-block-image size-large\"><img decoding=\"async\" data-id=\"72964\" src=\"https:\/\/mx1gpbrasil.com.br\/wp-content\/uploads\/2026\/06\/MoZ_DOMINGO-39-1-1024x576.jpg\" alt=\"\" class=\"wp-image-72964\"\/><\/figure>\n\n\n\n<figure class=\"wp-block-image size-large\"><img decoding=\"async\" data-id=\"72958\" src=\"https:\/\/mx1gpbrasil.com.br\/wp-content\/uploads\/2026\/06\/MoZ_Podio_DOMINGO-7-1024x683.jpg\" alt=\"\" class=\"wp-image-72958\"\/><\/figure>\n\n\n\n<figure class=\"wp-block-image size-large\"><img decoding=\"async\" data-id=\"72959\" src=\"https:\/\/mx1gpbrasil.com.br\/wp-content\/uploads\/2026\/06\/MoZ_Podio_DOMINGO-6-1024x576.jpg\" alt=\"\" class=\"wp-image-72959\"\/><\/figure>\n<\/figure>\n","protected":false},"excerpt":{"rendered":"<p>Goi\u00e2nia foi palco dos primeiros gritos de \u201c\u00e9 campe\u00e3o\u201d do MX1GP Brasil Sportbay 2026. Neste domingo, 21, Zion Berchtdold e Victor Hugo da Rocha sagraram-se campe\u00f5es das categorias referente \u00e0 classe monomarca YZ 125, depois de dois dias de provas emocionantes e que definiram os t\u00edtulos ponto a ponto. As provas de s\u00e1bado mantiveram a [&hellip;]<\/p>\n","protected":false},"author":1,"featured_media":73327,"comment_status":"closed","ping_status":"open","sticky":false,"template":"","format":"standard","meta":{"footnotes":""},"categories":[133],"tags":[],"class_list":["post-72954","post","type-post","status-publish","format-standard","has-post-thumbnail","hentry","category-motocross"],"_links":{"self":[{"href":"https:\/\/mx1gpbrasil.alperprojetos.com.br\/index.php\/wp-json\/wp\/v2\/posts\/72954","targetHints":{"allow":["GET"]}}],"collection":[{"href":"https:\/\/mx1gpbrasil.alperprojetos.com.br\/index.php\/wp-json\/wp\/v2\/posts"}],"about":[{"href":"https:\/\/mx1gpbrasil.alperprojetos.com.br\/index.php\/wp-json\/wp\/v2\/types\/post"}],"author":[{"embeddable":true,"href":"https:\/\/mx1gpbrasil.alperprojetos.com.br\/index.php\/wp-json\/wp\/v2\/users\/1"}],"replies":[{"embeddable":true,"href":"https:\/\/mx1gpbrasil.alperprojetos.com.br\/index.php\/wp-json\/wp\/v2\/comments?post=72954"}],"version-history":[{"count":0,"href":"https:\/\/mx1gpbrasil.alperprojetos.com.br\/index.php\/wp-json\/wp\/v2\/posts\/72954\/revisions"}],"wp:featuredmedia":[{"embeddable":true,"href":"https:\/\/mx1gpbrasil.alperprojetos.com.br\/index.php\/wp-json\/wp\/v2\/media\/73327"}],"wp:attachment":[{"href":"https:\/\/mx1gpbrasil.alperprojetos.com.br\/index.php\/wp-json\/wp\/v2\/media?parent=72954"}],"wp:term":[{"taxonomy":"category","embeddable":true,"href":"https:\/\/mx1gpbrasil.alperprojetos.com.br\/index.php\/wp-json\/wp\/v2\/categories?post=72954"},{"taxonomy":"post_tag","embeddable":true,"href":"https:\/\/mx1gpbrasil.alperprojetos.com.br\/index.php\/wp-json\/wp\/v2\/tags?post=72954"}],"curies":[{"name":"wp","href":"https:\/\/api.w.org\/{rel}","templated":true}]}}