{"id":73029,"date":"2026-06-29T22:06:11","date_gmt":"2026-06-30T01:06:11","guid":{"rendered":"https:\/\/mx1gpbrasil.com.br\/?p=73029"},"modified":"2026-06-29T22:06:11","modified_gmt":"2026-06-30T01:06:11","slug":"promox-celebra-trajetoria-de-roberto-boettcher-durante-etapa-de-goiania","status":"publish","type":"post","link":"https:\/\/mx1gpbrasil.alperprojetos.com.br\/index.php\/2026\/06\/29\/promox-celebra-trajetoria-de-roberto-boettcher-durante-etapa-de-goiania\/","title":{"rendered":"Promox celebra trajet\u00f3ria de Roberto Boettcher durante etapa de Goi\u00e2nia"},"content":{"rendered":"\n<figure class=\"wp-block-image size-large\"><img decoding=\"async\" src=\"https:\/\/mx1gpbrasil.com.br\/wp-content\/uploads\/2026\/06\/MoZ_Podio_DOMINGO-1-1-2-1024x763.jpg\" alt=\"\" class=\"wp-image-73035\"\/><\/figure>\n\n\n\n<p class=\"wp-block-paragraph\">A Promox, promotora do MX1GP Brasil Sportbay 2026, homenageou um dos grandes nomes do motocross brasileiro durante a etapa de Goi\u00e2nia (GO), realizada entre os dias 18 e 21 de junho. Roberto Boettcher recebeu, no p\u00f3dio, um trof\u00e9u e uma placa em refer\u00eancia aos seus feitos no esporte, em especial pelos 50 anos do primeiro t\u00edtulo do pa\u00eds no Campeonato Latino-Americano.<\/p>\n\n\n\n<p class=\"wp-block-paragraph\">O multicampe\u00e3o agradeceu. \u201cReceber esse reconhecimento \u00e9 motivo de muito orgulho e uma oportunidade de relembrar uma trajet\u00f3ria marcada por dedica\u00e7\u00e3o, paix\u00e3o pelo motociclismo e amor ao esporte. Minha gratid\u00e3o a todos que fizeram parte dessa hist\u00f3ria\u201d, escreveu Boettcher em seus perfis nas redes sociais.<\/p>\n\n\n\n<p class=\"wp-block-paragraph\">Os trof\u00e9us foram entregues por Firmo Henrique Alves, CEO da Promox, promotora do MX1GP Brasil Sportbay. A homenagem foi compartilhada com a Confedera\u00e7\u00e3o Brasileira de Motociclismo (CBM) e a FIM Latino-Am\u00e9rica.<\/p>\n\n\n\n<p class=\"wp-block-paragraph\"><strong>Roberto Boettcher<\/strong> foi um dos grandes pilotos da primeira gera\u00e7\u00e3o de \u00eddolos do motocross brasileiro. O goiano sagrou-se campe\u00e3o brasileiro em 1975, nas classes 125cc e 250cc. Voltou a ser campe\u00e3o da 125cc, em 1979. Foi bicampe\u00e3o latino-americano e o primeiro brasileiro a disputar uma temporada completa do Mundial de Motocross.<\/p>\n\n\n\n<p class=\"wp-block-paragraph\"><strong><em>Texto: Ed Moreira \u2013<\/em><\/strong><em>&nbsp;Jornalista MX1GP Brasil<br><strong>Fotos:<\/strong>&nbsp;Studio MOZ \u2013 MX1GP Brasil<\/em><\/p>\n\n\n\n<figure class=\"wp-block-gallery has-nested-images columns-default is-cropped wp-block-gallery-1 is-layout-flex wp-block-gallery-is-layout-flex\">\n<figure class=\"wp-block-image size-large\"><img decoding=\"async\" data-id=\"73033\" src=\"https:\/\/mx1gpbrasil.com.br\/wp-content\/uploads\/2026\/06\/MoZ_Podio_DOMINGO-4-1024x576.jpg\" alt=\"\" class=\"wp-image-73033\"\/><\/figure>\n\n\n\n<figure class=\"wp-block-image size-large\"><img decoding=\"async\" data-id=\"73032\" src=\"https:\/\/mx1gpbrasil.com.br\/wp-content\/uploads\/2026\/06\/MoZ_Podio_DOMINGO-3-763x1024.jpg\" alt=\"\" class=\"wp-image-73032\"\/><\/figure>\n\n\n\n<figure class=\"wp-block-image size-large\"><img decoding=\"async\" data-id=\"73031\" src=\"https:\/\/mx1gpbrasil.com.br\/wp-content\/uploads\/2026\/06\/MoZ_Podio_DOMINGO-2-763x1024.jpg\" alt=\"\" class=\"wp-image-73031\"\/><\/figure>\n\n\n\n<figure class=\"wp-block-image size-large\"><img decoding=\"async\" data-id=\"73034\" src=\"https:\/\/mx1gpbrasil.com.br\/wp-content\/uploads\/2026\/06\/MoZ_Podio_DOMINGO-1-1-1-1024x763.jpg\" alt=\"\" class=\"wp-image-73034\"\/><\/figure>\n<\/figure>\n","protected":false},"excerpt":{"rendered":"<p>A Promox, promotora do MX1GP Brasil Sportbay 2026, homenageou um dos grandes nomes do motocross brasileiro durante a etapa de Goi\u00e2nia (GO), realizada entre os dias 18 e 21 de junho. Roberto Boettcher recebeu, no p\u00f3dio, um trof\u00e9u e uma placa em refer\u00eancia aos seus feitos no esporte, em especial pelos 50 anos do primeiro [&hellip;]<\/p>\n","protected":false},"author":1,"featured_media":73324,"comment_status":"closed","ping_status":"open","sticky":false,"template":"","format":"standard","meta":{"footnotes":""},"categories":[133],"tags":[],"class_list":["post-73029","post","type-post","status-publish","format-standard","has-post-thumbnail","hentry","category-motocross"],"_links":{"self":[{"href":"https:\/\/mx1gpbrasil.alperprojetos.com.br\/index.php\/wp-json\/wp\/v2\/posts\/73029","targetHints":{"allow":["GET"]}}],"collection":[{"href":"https:\/\/mx1gpbrasil.alperprojetos.com.br\/index.php\/wp-json\/wp\/v2\/posts"}],"about":[{"href":"https:\/\/mx1gpbrasil.alperprojetos.com.br\/index.php\/wp-json\/wp\/v2\/types\/post"}],"author":[{"embeddable":true,"href":"https:\/\/mx1gpbrasil.alperprojetos.com.br\/index.php\/wp-json\/wp\/v2\/users\/1"}],"replies":[{"embeddable":true,"href":"https:\/\/mx1gpbrasil.alperprojetos.com.br\/index.php\/wp-json\/wp\/v2\/comments?post=73029"}],"version-history":[{"count":0,"href":"https:\/\/mx1gpbrasil.alperprojetos.com.br\/index.php\/wp-json\/wp\/v2\/posts\/73029\/revisions"}],"wp:featuredmedia":[{"embeddable":true,"href":"https:\/\/mx1gpbrasil.alperprojetos.com.br\/index.php\/wp-json\/wp\/v2\/media\/73324"}],"wp:attachment":[{"href":"https:\/\/mx1gpbrasil.alperprojetos.com.br\/index.php\/wp-json\/wp\/v2\/media?parent=73029"}],"wp:term":[{"taxonomy":"category","embeddable":true,"href":"https:\/\/mx1gpbrasil.alperprojetos.com.br\/index.php\/wp-json\/wp\/v2\/categories?post=73029"},{"taxonomy":"post_tag","embeddable":true,"href":"https:\/\/mx1gpbrasil.alperprojetos.com.br\/index.php\/wp-json\/wp\/v2\/tags?post=73029"}],"curies":[{"name":"wp","href":"https:\/\/api.w.org\/{rel}","templated":true}]}}