{"id":73037,"date":"2026-06-30T22:04:09","date_gmt":"2026-07-01T01:04:09","guid":{"rendered":"https:\/\/mx1gpbrasil.com.br\/?p=73037"},"modified":"2026-06-30T22:04:09","modified_gmt":"2026-07-01T01:04:09","slug":"mx1gp-brasil-recebera-etapas-do-campeonato-sul-americano-de-motocross-mx1-mx2","status":"publish","type":"post","link":"https:\/\/mx1gpbrasil.alperprojetos.com.br\/index.php\/2026\/06\/30\/mx1gp-brasil-recebera-etapas-do-campeonato-sul-americano-de-motocross-mx1-mx2\/","title":{"rendered":"MX1GP Brasil receber\u00e1 etapas do Campeonato Sul-Americano de Motocross MX1\/MX2"},"content":{"rendered":"\n<p class=\"wp-block-paragraph\">A FIM Latin America (FIMLA) oficializou: o Campeonato Sul-Americano de Motocross MX1\/MX2 vai ser sediado em territ\u00f3rio brasileiro. As tr\u00eas etapas ser\u00e3o realizadas junto ao MX1GP Brasil Sportbay 2026. A abertura ser\u00e1 em Santa Cruz do Capibaribe, no estado de Pernambuco. Conforme a institui\u00e7\u00e3o, a competi\u00e7\u00e3o visa fomentar ainda mais a competitividade da modalidade no continente.<\/p>\n\n\n\n<p class=\"wp-block-paragraph\">As datas e sedes j\u00e1 est\u00e3o definidas: 31 de julho e 2 de agosto, em Santa Cruz do Capibaribe (PE); e 13 de setembro, em Brumadinho (MG). As categorias disputadas ser\u00e3o MX1 e MX2. Mais detalhes e o formato de disputa ser\u00e3o esclarecidos em breve.<\/p>\n\n\n\n<p class=\"wp-block-paragraph\">A Promox, no uso de suas atribui\u00e7\u00f5es como promotora do MX1GP Brasil, recebe a oficializa\u00e7\u00e3o da competi\u00e7\u00e3o como um reconhecimento ao trabalho que transformou o campeonato brasileiro no maior da Am\u00e9rica Latina.<\/p>\n\n\n\n<p class=\"wp-block-paragraph\"><strong><em>Texto: Ed Moreira \u2013<\/em><\/strong><em>&nbsp;Jornalista MX1GP Brasil<\/em><\/p>\n\n\n\n<figure class=\"wp-block-image size-large\"><img decoding=\"async\" src=\"https:\/\/mx1gpbrasil.com.br\/wp-content\/uploads\/2026\/06\/WhatsApp-Image-2026-07-01-at-17.26.17-819x1024.jpeg\" alt=\"\" class=\"wp-image-73044\"\/><\/figure>\n","protected":false},"excerpt":{"rendered":"<p>A FIM Latin America (FIMLA) oficializou: o Campeonato Sul-Americano de Motocross MX1\/MX2 vai ser sediado em territ\u00f3rio brasileiro. As tr\u00eas etapas ser\u00e3o realizadas junto ao MX1GP Brasil Sportbay 2026. A abertura ser\u00e1 em Santa Cruz do Capibaribe, no estado de Pernambuco. Conforme a institui\u00e7\u00e3o, a competi\u00e7\u00e3o visa fomentar ainda mais a competitividade da modalidade no [&hellip;]<\/p>\n","protected":false},"author":1,"featured_media":73323,"comment_status":"closed","ping_status":"open","sticky":false,"template":"","format":"standard","meta":{"footnotes":""},"categories":[133],"tags":[],"class_list":["post-73037","post","type-post","status-publish","format-standard","has-post-thumbnail","hentry","category-motocross"],"_links":{"self":[{"href":"https:\/\/mx1gpbrasil.alperprojetos.com.br\/index.php\/wp-json\/wp\/v2\/posts\/73037","targetHints":{"allow":["GET"]}}],"collection":[{"href":"https:\/\/mx1gpbrasil.alperprojetos.com.br\/index.php\/wp-json\/wp\/v2\/posts"}],"about":[{"href":"https:\/\/mx1gpbrasil.alperprojetos.com.br\/index.php\/wp-json\/wp\/v2\/types\/post"}],"author":[{"embeddable":true,"href":"https:\/\/mx1gpbrasil.alperprojetos.com.br\/index.php\/wp-json\/wp\/v2\/users\/1"}],"replies":[{"embeddable":true,"href":"https:\/\/mx1gpbrasil.alperprojetos.com.br\/index.php\/wp-json\/wp\/v2\/comments?post=73037"}],"version-history":[{"count":0,"href":"https:\/\/mx1gpbrasil.alperprojetos.com.br\/index.php\/wp-json\/wp\/v2\/posts\/73037\/revisions"}],"wp:featuredmedia":[{"embeddable":true,"href":"https:\/\/mx1gpbrasil.alperprojetos.com.br\/index.php\/wp-json\/wp\/v2\/media\/73323"}],"wp:attachment":[{"href":"https:\/\/mx1gpbrasil.alperprojetos.com.br\/index.php\/wp-json\/wp\/v2\/media?parent=73037"}],"wp:term":[{"taxonomy":"category","embeddable":true,"href":"https:\/\/mx1gpbrasil.alperprojetos.com.br\/index.php\/wp-json\/wp\/v2\/categories?post=73037"},{"taxonomy":"post_tag","embeddable":true,"href":"https:\/\/mx1gpbrasil.alperprojetos.com.br\/index.php\/wp-json\/wp\/v2\/tags?post=73037"}],"curies":[{"name":"wp","href":"https:\/\/api.w.org\/{rel}","templated":true}]}}